{"id":2740,"date":"2013-01-24T18:22:48","date_gmt":"2013-01-25T00:22:48","guid":{"rendered":"http:\/\/amanecerhuasteco.com\/portal\/2013\/01\/24\/diputados-revisaran-cumplimiento-de-acuerdos-de-permisionarios-para-evaluar-incremento-ajuste-a-la-tarifa\/"},"modified":"2013-01-24T18:22:48","modified_gmt":"2013-01-25T00:22:48","slug":"diputados-revisaran-cumplimiento-de-acuerdos-de-permisionarios-para-evaluar-incremento-ajuste-a-la-tarifa","status":"publish","type":"post","link":"https:\/\/amanecerhuasteco.com\/portal\/diputados-revisaran-cumplimiento-de-acuerdos-de-permisionarios-para-evaluar-incremento-ajuste-a-la-tarifa\/","title":{"rendered":"DIPUTADOS REVISARAN CUMPLIMIENTO DE ACUERDOS DE PERMISIONARIOS PARA EVALUAR INCREMENTO AJUSTE A LA TARIFA"},"content":{"rendered":"<div style=\"text-align: justify\"><span style=\"line-height: 1.3em\">San Luis Potos\u00ed 24\/1\/13.- \u00a0La Comisi\u00f3n de Comunicaciones y Transportes acord\u00f3 declararse en sesi\u00f3n permanente a fin de esperar la documentaci\u00f3n oficial que se comprometi\u00f3 a entregar la Secretar\u00eda de Comunicaciones y Transportes, a trav\u00e9s de su titular, Mart\u00edn Joel Gonz\u00e1lez de Anda respecto del cumplimiento de los 10 acuerdos planteados a los permisionarios como base para la evaluaci\u00f3n de un posible ajuste a la tarifa del transporte p\u00fablico en la capital del estado.<\/span><\/div>\n<div style=\"text-align: justify\"><\/div>\n<div style=\"text-align: justify\">Este acuerdo se tom\u00f3 luego de la reuni\u00f3n sostenida entre los legisladores integrantes de esta comisi\u00f3n y el Secretario de Comunicaciones y Transportes, quien present\u00f3 de forma econ\u00f3mica algunos avances en el cumplimiento de los 10 puntos marcados a los permisionarios del transporte p\u00fablico para mejorar el servicio a los usuarios.<\/div>\n<div style=\"text-align: justify\"><\/div>\n<div style=\"text-align: justify\">La presidenta de esta comisi\u00f3n, diputada Socorro Herrera Orta manifest\u00f3 que el titular de la SCT quiso hacer entrega de un acuerdo suscrito por el Consejo Estatal de Transporte con fecha del 24 de agosto de 2012, como propuesta para un incremento a la tarifa del transporte p\u00fablico en el que se consideran los indicadores de incrementos al salario m\u00ednimo, diesel, \u00edndice nacional de precios al productor y consumidor en el que se suman los porcentajes correspondientes a 2011 y 2012, ante lo cual la legisladora le solicit\u00f3 que lo hiciera por los causes institucionales.<\/div>\n<div style=\"text-align: justify\"><\/div>\n<div style=\"text-align: justify\">Estos planteamientos proponen un alza a la tarifa del transporte p\u00fablico para la zona metropolitana para quedar en 7.50 en tarifa normal, 7.20 en tarifa de pre-pago y 3.60 en tarifa especial para estudiantes y personas de la tercera edad.<\/div>\n<div style=\"text-align: justify\"><\/div>\n<div style=\"text-align: justify\">\u201cHabla de que se aprob\u00f3 ese ajuste desde el mes de agosto pero nada que ver, porque este nuevo Consejo Estatal de Transporte se instal\u00f3 apenas en el mes de noviembre y hoy la representaci\u00f3n del Congreso es diferente, la representaci\u00f3n de los presidentes municipales es diferente y entonces si se deben actualizar los acuerdos y hacer una evaluaci\u00f3n con los datos actuales\u201d, se\u00f1al\u00f3 la legisladora.<\/div>\n<div style=\"text-align: justify\"><\/div>\n<div style=\"text-align: justify\">En la reuni\u00f3n, el Secretario Gonz\u00e1lez de Anda reconoci\u00f3 que a\u00fan no se ha cumplido con la instalaci\u00f3n de videoc\u00e1maras en los autobuses de transporte p\u00fablico por parte de los permisionarios, adem\u00e1s de que se desconoce la utilidad diaria de cada unidad, as\u00ed como un estudio de movilidad urbana que determine cu\u00e1ntos autobuses en promedio toma un usuario para llegar a su destino.<\/div>\n<div style=\"text-align: justify\"><\/div>\n<div style=\"text-align: justify\">El funcionario inform\u00f3 que entre los puntos cumplidos se encuentra la evaluaci\u00f3n de los operadores del transporte p\u00fablico por parte de la Facultad de Psicolog\u00eda; el cambio de carcazas para el buen funcionamiento del sistema de prepago y la instalaci\u00f3n de 94 rampas para acceso a personas con discapacidad.<\/div>\n<div style=\"text-align: justify\"><\/div>\n<div style=\"text-align: justify\">La legisladora Herrera Orta \u00a0solicit\u00f3 que esta informaci\u00f3n se haga llegar de manera oficial y no \u00fanicamente como gr\u00e1fica o presentaci\u00f3n, ya que es necesario contar con evidencias oficiales de tales avances para que la Comisi\u00f3n de Comunicaciones y Transportes pueda determinar la viabilidad o no de un ajuste tarifario.<\/div>\n<div style=\"text-align: justify\"><\/div>\n<div style=\"text-align: justify\">\u201cHoy nada m\u00e1s trajo una informaci\u00f3n general a los integrantes de la comisi\u00f3n pero no hay documentos que avale lo que el nos viene a explicar; hay 10 puntos que se tendr\u00e1n que seguir y percibimos que solamente se han cumplido cerca de 3 o 4 concluidos pero nos falta la comprobaci\u00f3n y por ello la comisi\u00f3n se decreta como permanente de tal manera que estaremos esperando la documentaci\u00f3n que avale este cumplimiento\u201d, concluy\u00f3.<\/div>\n","protected":false},"excerpt":{"rendered":"<p>San Luis Potos\u00ed 24\/1\/13.- \u00a0La Comisi\u00f3n de Comunicaciones y Transportes acord\u00f3 declararse en sesi\u00f3n permanente a fin de esperar la documentaci\u00f3n oficial que se comprometi\u00f3 a entregar la Secretar\u00eda de Comunicaciones y Transportes, a trav\u00e9s de su titular, Mart\u00edn Joel Gonz\u00e1lez de Anda respecto del &hellip; <\/p>\n","protected":false},"author":1,"featured_media":17874,"comment_status":"open","ping_status":"open","sticky":false,"template":"","format":"standard","meta":{"footnotes":""},"categories":[4],"tags":[],"class_list":["post-2740","post","type-post","status-publish","format-standard","has-post-thumbnail","hentry","category-inicio"],"_links":{"self":[{"href":"https:\/\/amanecerhuasteco.com\/portal\/wp-json\/wp\/v2\/posts\/2740","targetHints":{"allow":["GET"]}}],"collection":[{"href":"https:\/\/amanecerhuasteco.com\/portal\/wp-json\/wp\/v2\/posts"}],"about":[{"href":"https:\/\/amanecerhuasteco.com\/portal\/wp-json\/wp\/v2\/types\/post"}],"author":[{"embeddable":true,"href":"https:\/\/amanecerhuasteco.com\/portal\/wp-json\/wp\/v2\/users\/1"}],"replies":[{"embeddable":true,"href":"https:\/\/amanecerhuasteco.com\/portal\/wp-json\/wp\/v2\/comments?post=2740"}],"version-history":[{"count":0,"href":"https:\/\/amanecerhuasteco.com\/portal\/wp-json\/wp\/v2\/posts\/2740\/revisions"}],"wp:featuredmedia":[{"embeddable":true,"href":"https:\/\/amanecerhuasteco.com\/portal\/wp-json\/wp\/v2\/media\/17874"}],"wp:attachment":[{"href":"https:\/\/amanecerhuasteco.com\/portal\/wp-json\/wp\/v2\/media?parent=2740"}],"wp:term":[{"taxonomy":"category","embeddable":true,"href":"https:\/\/amanecerhuasteco.com\/portal\/wp-json\/wp\/v2\/categories?post=2740"},{"taxonomy":"post_tag","embeddable":true,"href":"https:\/\/amanecerhuasteco.com\/portal\/wp-json\/wp\/v2\/tags?post=2740"}],"curies":[{"name":"wp","href":"https:\/\/api.w.org\/{rel}","templated":true}]}}