{"id":2744,"date":"2013-01-24T18:43:34","date_gmt":"2013-01-25T00:43:34","guid":{"rendered":"http:\/\/amanecerhuasteco.com\/portal\/2013\/01\/24\/inicia-programa-de-ulimpieza-en-movimientou\/"},"modified":"2013-01-24T18:43:34","modified_gmt":"2013-01-25T00:43:34","slug":"inicia-programa-de-ulimpieza-en-movimientou","status":"publish","type":"post","link":"https:\/\/amanecerhuasteco.com\/portal\/inicia-programa-de-ulimpieza-en-movimientou\/","title":{"rendered":"INICIA PROGRAMA DE \u00a8LIMPIEZA EN MOVIMIENTO\u00a8"},"content":{"rendered":"<div><strong><span style=\"line-height: 1.3em\">&#8211;\u00a0<\/span><span style=\"line-height: 1.3em\">Excelente iniciativa del Departamento de Turismo<\/span><\/strong><\/div>\n<div><span style=\"line-height: 1.3em\">Ciudad Valles 24\/1\/13.-Como parte de las acciones sociales de la Direcci\u00f3n de Turismo Municipal, a cargo de Esther Mart\u00ednez \u00c1lvarez, en colaboraci\u00f3n de la Secretaria de Desarrollo Econ\u00f3mico, arranca el programa de \u00a8Limpieza en Movimiento\u00a8 con el objetivo de \u00a0incitar a la ciudadan\u00eda a darle un aspecto favorable a nuestra Ciudad.<\/span><\/div>\n<div><\/div>\n<div>De esta manera, el pr\u00f3ximo s\u00e1bado 26 de enero, en punto de las 8:00 horas, el personal de los \u00a0departamentos mencionados iniciaran el programa limpiando las principales arterias de la Ciudad e invitando a la poblaci\u00f3n a participar y unirse a esta causa con el beneficio de todos los habitantes de Valles.\u00a0<\/div>\n<div><\/div>\n<div>Asimismo, se les convoca a todos los residentes del municipio a \u00a0barrer sus frentes domiciliaros y sumarse a esta acci\u00f3n favorable que no solo incluye la limpieza de las calles sino tambi\u00e9n de parques y \u00e1reas verdes, con el fin de tener un Valles m\u00e1s limpio y con mejor apariencia para el agrado de la poblaci\u00f3n y de nuestros visitantes.<\/div>\n","protected":false},"excerpt":{"rendered":"<p>&#8211;\u00a0Excelente iniciativa del Departamento de Turismo Ciudad Valles 24\/1\/13.-Como parte de las acciones sociales de la Direcci\u00f3n de Turismo Municipal, a cargo de Esther Mart\u00ednez \u00c1lvarez, en colaboraci\u00f3n de la Secretaria de Desarrollo Econ\u00f3mico, arranca el programa de \u00a8Limpieza en Movimiento\u00a8 con el objetivo de &hellip; <\/p>\n","protected":false},"author":1,"featured_media":2743,"comment_status":"open","ping_status":"open","sticky":false,"template":"","format":"standard","meta":{"footnotes":""},"categories":[7],"tags":[],"class_list":["post-2744","post","type-post","status-publish","format-standard","has-post-thumbnail","hentry","category-ciudad"],"_links":{"self":[{"href":"https:\/\/amanecerhuasteco.com\/portal\/wp-json\/wp\/v2\/posts\/2744","targetHints":{"allow":["GET"]}}],"collection":[{"href":"https:\/\/amanecerhuasteco.com\/portal\/wp-json\/wp\/v2\/posts"}],"about":[{"href":"https:\/\/amanecerhuasteco.com\/portal\/wp-json\/wp\/v2\/types\/post"}],"author":[{"embeddable":true,"href":"https:\/\/amanecerhuasteco.com\/portal\/wp-json\/wp\/v2\/users\/1"}],"replies":[{"embeddable":true,"href":"https:\/\/amanecerhuasteco.com\/portal\/wp-json\/wp\/v2\/comments?post=2744"}],"version-history":[{"count":0,"href":"https:\/\/amanecerhuasteco.com\/portal\/wp-json\/wp\/v2\/posts\/2744\/revisions"}],"wp:featuredmedia":[{"embeddable":true,"href":"https:\/\/amanecerhuasteco.com\/portal\/wp-json\/wp\/v2\/media\/2743"}],"wp:attachment":[{"href":"https:\/\/amanecerhuasteco.com\/portal\/wp-json\/wp\/v2\/media?parent=2744"}],"wp:term":[{"taxonomy":"category","embeddable":true,"href":"https:\/\/amanecerhuasteco.com\/portal\/wp-json\/wp\/v2\/categories?post=2744"},{"taxonomy":"post_tag","embeddable":true,"href":"https:\/\/amanecerhuasteco.com\/portal\/wp-json\/wp\/v2\/tags?post=2744"}],"curies":[{"name":"wp","href":"https:\/\/api.w.org\/{rel}","templated":true}]}}