{"id":2749,"date":"2013-01-25T14:20:33","date_gmt":"2013-01-25T20:20:33","guid":{"rendered":"http:\/\/amanecerhuasteco.com\/portal\/2013\/01\/25\/legisladores-deben-generar-las-condiciones-para-crear-la-figura-de-candidatos-independientes\/"},"modified":"2013-01-25T14:20:33","modified_gmt":"2013-01-25T20:20:33","slug":"legisladores-deben-generar-las-condiciones-para-crear-la-figura-de-candidatos-independientes","status":"publish","type":"post","link":"https:\/\/amanecerhuasteco.com\/portal\/legisladores-deben-generar-las-condiciones-para-crear-la-figura-de-candidatos-independientes\/","title":{"rendered":"LEGISLADORES DEBEN GENERAR LAS CONDICIONES PARA CREAR LA FIGURA DE \u201cCANDIDATOS INDEPENDIENTES\u201d"},"content":{"rendered":"<div style=\"text-align: justify\"><span style=\"line-height: 1.3em\">San Luis Potos\u00ed.- La implementaci\u00f3n de la figura de \u201ccandidatos independientes\u201d para puestos de elecci\u00f3n popular que se hizo en el estado de Zacatecas, va a generar una corriente de opini\u00f3n muy importante, en donde los legisladores tendr\u00e1n que generar las condiciones para que sean posibles y que no se traten \u00fanicamente de un reconocimiento en la ley pero sin las posibilidades de hacerla realidad en los hechos.\u00a0<\/span><\/div>\n<div style=\"text-align: justify\"><\/div>\n<div style=\"text-align: justify\">As\u00ed lo consider\u00f3 la Consejera Presidenta del Instituto Electoral de Zacatecas, Doctora Leticia Catalina Soto Acosta, previ\u00f3 a la reuni\u00f3n que sostuvo con legisladores en el auditorio \u201cLic. Manuel G\u00f3mez Mor\u00edn\u201d, la cual estuvo encabezada por la Presidenta de la Junta de Coordinaci\u00f3n Pol\u00edtica, diputada Rosa Mar\u00eda Huerta Valdez y el Presidente de la Directiva, diputado Jorge Aurelio \u00c1lvarez Cruz.<\/div>\n<div style=\"text-align: justify\"><\/div>\n<div style=\"text-align: justify\">La doctora Leticia Catalina Soto Acosta se\u00f1al\u00f3 que \u201ctodo parec\u00eda indicar que en Zacatecas la inclusi\u00f3n de la figura de candidatos independientes no iba a existir un consenso entre los representantes de los diferentes partidos pol\u00edticos, pero al final de cuentas si existi\u00f3\u201d.<\/div>\n<div style=\"text-align: justify\"><\/div>\n<div style=\"text-align: justify\">Consider\u00f3 que se debe trabajar para perfeccionar la participaci\u00f3n de los candidatos independientes, sobre todo, en las observaciones que se hicieron desde la Suprema Corte de Justicia de la Naci\u00f3n (SCJN), sobre su implementaci\u00f3n en el estado de Zacatecas.<\/div>\n<div style=\"text-align: justify\"><\/div>\n<div style=\"text-align: justify\">Los dos problemas que se nos mencionaron, fueron: el primero, es que no hay financiamiento p\u00fablico porque el candidato independiente asume la candidatura con financiamiento privado; y el segundo es que tiene que ver con que no tiene acceso a la radio ni a la televisi\u00f3n, porque la Constituci\u00f3n Pol\u00edtica de los Estados Unidos Mexicanos proh\u00edbe la contrataci\u00f3n \u00a0de tiempo y espacios, y el Instituto Federal Electoral, \u00a0distribuye los tiempos \u00fanicamente a los partidos y candidatos de partidos pol\u00edticos.<\/div>\n<div style=\"text-align: justify\"><\/div>\n<div style=\"text-align: justify\">Puntualiz\u00f3, \u201cestos son dos problemas importantes, pero yo creo que esto va a ir generando una corriente de opini\u00f3n muy importante en donde los legisladores tendr\u00e1n que asumir que hay que generar condiciones para que las candidaturas independientes \u00a0sean posibles y que no se traten \u00fanicamente de un reconocimiento en la ley pero sin las posibilidades de hacerla realidad en los hechos\u201d.<\/div>\n<div style=\"text-align: justify\"><\/div>\n<div style=\"text-align: justify\">Por su parte, el diputado Jorge Aurelio \u00c1lvarez Cruz se\u00f1al\u00f3 que al conocer nuevos mecanismos electorales que se han aplicado en otros estados, es importante para nosotros como responsables de impulsar modificaciones o nuevas leyes.<\/div>\n<div style=\"text-align: justify\"><\/div>\n<div style=\"text-align: justify\">\u201cEstas experiencias nos van a enriquecer para poder saber en fechas pr\u00f3ximas, cuando ya estemos abocados en la reforma a la Ley Electoral y en la b\u00fasqueda de la adecuaci\u00f3n de nuestro marco normativo si es viable o no el hacer implementaciones de nuevas figuras de candidatos\u201d.<\/div>\n","protected":false},"excerpt":{"rendered":"<p>San Luis Potos\u00ed.- La implementaci\u00f3n de la figura de \u201ccandidatos independientes\u201d para puestos de elecci\u00f3n popular que se hizo en el estado de Zacatecas, va a generar una corriente de opini\u00f3n muy importante, en donde los legisladores tendr\u00e1n que generar las condiciones para que sean &hellip; <\/p>\n","protected":false},"author":1,"featured_media":17874,"comment_status":"open","ping_status":"open","sticky":false,"template":"","format":"standard","meta":{"footnotes":""},"categories":[4],"tags":[],"class_list":["post-2749","post","type-post","status-publish","format-standard","has-post-thumbnail","hentry","category-inicio"],"_links":{"self":[{"href":"https:\/\/amanecerhuasteco.com\/portal\/wp-json\/wp\/v2\/posts\/2749","targetHints":{"allow":["GET"]}}],"collection":[{"href":"https:\/\/amanecerhuasteco.com\/portal\/wp-json\/wp\/v2\/posts"}],"about":[{"href":"https:\/\/amanecerhuasteco.com\/portal\/wp-json\/wp\/v2\/types\/post"}],"author":[{"embeddable":true,"href":"https:\/\/amanecerhuasteco.com\/portal\/wp-json\/wp\/v2\/users\/1"}],"replies":[{"embeddable":true,"href":"https:\/\/amanecerhuasteco.com\/portal\/wp-json\/wp\/v2\/comments?post=2749"}],"version-history":[{"count":0,"href":"https:\/\/amanecerhuasteco.com\/portal\/wp-json\/wp\/v2\/posts\/2749\/revisions"}],"wp:featuredmedia":[{"embeddable":true,"href":"https:\/\/amanecerhuasteco.com\/portal\/wp-json\/wp\/v2\/media\/17874"}],"wp:attachment":[{"href":"https:\/\/amanecerhuasteco.com\/portal\/wp-json\/wp\/v2\/media?parent=2749"}],"wp:term":[{"taxonomy":"category","embeddable":true,"href":"https:\/\/amanecerhuasteco.com\/portal\/wp-json\/wp\/v2\/categories?post=2749"},{"taxonomy":"post_tag","embeddable":true,"href":"https:\/\/amanecerhuasteco.com\/portal\/wp-json\/wp\/v2\/tags?post=2749"}],"curies":[{"name":"wp","href":"https:\/\/api.w.org\/{rel}","templated":true}]}}