{"id":2751,"date":"2013-01-26T20:04:35","date_gmt":"2013-01-27T02:04:35","guid":{"rendered":"http:\/\/amanecerhuasteco.com\/portal\/2013\/01\/26\/se-reune-ftf-con-gobernadores-de-la-zona-noreste-y-el-secretario-de-gobernacion\/"},"modified":"2013-01-26T20:04:35","modified_gmt":"2013-01-27T02:04:35","slug":"se-reune-ftf-con-gobernadores-de-la-zona-noreste-y-el-secretario-de-gobernacion","status":"publish","type":"post","link":"https:\/\/amanecerhuasteco.com\/portal\/se-reune-ftf-con-gobernadores-de-la-zona-noreste-y-el-secretario-de-gobernacion\/","title":{"rendered":"SE RE\u00daNE FTF CON GOBERNADORES DE LA ZONA NORESTE Y EL SECRETARIO DE GOBERNACI\u00d3N"},"content":{"rendered":"<div style=\"text-align: justify\">\u00a0<\/div>\n<div style=\"text-align: justify\"><span style=\"line-height: 1.3em\">MONTERREY, N.L., 25 de enero 2013.- El Gobernador del Estado, Doctor Fernando Toranzo Fern\u00e1ndez, acudi\u00f3, junto con sus hom\u00f3logos de la zona noreste del pa\u00eds, a la reuni\u00f3n del Gabinete de Seguridad Federal, encabezada por el secretario de Gobernaci\u00f3n, Miguel \u00c1ngel Osorio Chong.<\/span><\/div>\n<div style=\"text-align: justify\"><\/div>\n<div style=\"text-align: justify\">En la reuni\u00f3n estuvieron presentes por parte del gobierno federal General Salvador Cienfuegos, Secretario de la Defensa Nacional; el almirante Vidal Francisco Sober\u00f3n S\u00e1enz, Secretario de Marina; Jes\u00fas Murillo Karam, Procurador General de la Rep\u00fablica; Manuel Mondrag\u00f3n y Kalb, Subsecretario de Planeaci\u00f3n y Protecci\u00f3n Institucional; \u00a0Luis Enrique Miranda Nava, Subsecretario de Gobierno; y Eugenio \u00cdmaz Gispert, Director General del Centro de Investigaciones y Seguridad Nacional (Cisen).<\/div>\n<div style=\"text-align: justify\"><\/div>\n<div style=\"text-align: justify\">Adem\u00e1s del doctor Toranzo, se dieron cita en esta reuni\u00f3n, celebrada en la Casa de Gobierno, los mandatarios de Nuevo Le\u00f3n, Rodrigo Medina de la Cruz, Tamaulipas, Egidio Torre Cant\u00fa, de Veracruz, Javier Duarte de Ochoa, de Durango, Jorge Herrera Caldera y de Coahuila, Rub\u00e9n Moreira Valdez.<\/div>\n<div style=\"text-align: justify\"><\/div>\n<div style=\"text-align: justify\">El 6 de diciembre el Presidente Pe\u00f1a Nieto se comprometi\u00f3 a que el Gabinete de Seguridad de la Naci\u00f3n estar\u00eda en la entidad al menos una vez al mes para revisar los avances en la lucha contra la criminalidad y coordinar acciones en los tres niveles de gobierno.\u00a0<\/div>\n","protected":false},"excerpt":{"rendered":"<p>\u00a0 MONTERREY, N.L., 25 de enero 2013.- El Gobernador del Estado, Doctor Fernando Toranzo Fern\u00e1ndez, acudi\u00f3, junto con sus hom\u00f3logos de la zona noreste del pa\u00eds, a la reuni\u00f3n del Gabinete de Seguridad Federal, encabezada por el secretario de Gobernaci\u00f3n, Miguel \u00c1ngel Osorio Chong. En &hellip; <\/p>\n","protected":false},"author":1,"featured_media":2750,"comment_status":"open","ping_status":"open","sticky":false,"template":"","format":"standard","meta":{"footnotes":""},"categories":[4],"tags":[],"class_list":["post-2751","post","type-post","status-publish","format-standard","has-post-thumbnail","hentry","category-inicio"],"_links":{"self":[{"href":"https:\/\/amanecerhuasteco.com\/portal\/wp-json\/wp\/v2\/posts\/2751","targetHints":{"allow":["GET"]}}],"collection":[{"href":"https:\/\/amanecerhuasteco.com\/portal\/wp-json\/wp\/v2\/posts"}],"about":[{"href":"https:\/\/amanecerhuasteco.com\/portal\/wp-json\/wp\/v2\/types\/post"}],"author":[{"embeddable":true,"href":"https:\/\/amanecerhuasteco.com\/portal\/wp-json\/wp\/v2\/users\/1"}],"replies":[{"embeddable":true,"href":"https:\/\/amanecerhuasteco.com\/portal\/wp-json\/wp\/v2\/comments?post=2751"}],"version-history":[{"count":0,"href":"https:\/\/amanecerhuasteco.com\/portal\/wp-json\/wp\/v2\/posts\/2751\/revisions"}],"wp:featuredmedia":[{"embeddable":true,"href":"https:\/\/amanecerhuasteco.com\/portal\/wp-json\/wp\/v2\/media\/2750"}],"wp:attachment":[{"href":"https:\/\/amanecerhuasteco.com\/portal\/wp-json\/wp\/v2\/media?parent=2751"}],"wp:term":[{"taxonomy":"category","embeddable":true,"href":"https:\/\/amanecerhuasteco.com\/portal\/wp-json\/wp\/v2\/categories?post=2751"},{"taxonomy":"post_tag","embeddable":true,"href":"https:\/\/amanecerhuasteco.com\/portal\/wp-json\/wp\/v2\/tags?post=2751"}],"curies":[{"name":"wp","href":"https:\/\/api.w.org\/{rel}","templated":true}]}}