{"id":2753,"date":"2013-01-26T20:06:30","date_gmt":"2013-01-27T02:06:30","guid":{"rendered":"http:\/\/amanecerhuasteco.com\/portal\/2013\/01\/26\/sesiona-el-concejo-municipal-de-transporte\/"},"modified":"2013-01-26T20:06:30","modified_gmt":"2013-01-27T02:06:30","slug":"sesiona-el-concejo-municipal-de-transporte","status":"publish","type":"post","link":"https:\/\/amanecerhuasteco.com\/portal\/sesiona-el-concejo-municipal-de-transporte\/","title":{"rendered":"SESIONA EL CONCEJO MUNICIPAL DE TRANSPORTE"},"content":{"rendered":"<div style=\"text-align: justify\">\u00a0<\/div>\n<div style=\"text-align: justify\"><strong><span style=\"line-height: 1.3em\">&#8211;\u00a0<\/span><span style=\"line-height: 1.3em\">Municipio pide tarifa fija a taxistas para los d\u00edas de feria<\/span><\/strong><\/div>\n<div style=\"text-align: justify\"><span style=\"line-height: 1.3em\">Ciudad Valles S.L.P. 26\/1\/13.- El Concejo Municipal de Transporte de Ciudad Valles, sesion\u00f3 este viernes \u00a0en el Sal\u00f3n de Cabildo \u00a8Rafael Curiel Gallegos\u00a8, \u00a0presidida por el Secretario del Ayuntamiento, Lic. Gilberto Almend\u00e1rez Mar\u00edn, \u00a0en representaci\u00f3n del Alcalde Juan Jos\u00e9 Ortiz Azuara y por el Delegado de la Secretar\u00eda de Comunicaciones y Transportes en la Huasteca, \u00a0Margarito Manilla Garc\u00eda.<\/span><\/div>\n<div style=\"text-align: justify\">\u00a0 \u00a0 \u00a0 En lo que fue la primera \u00a0sesi\u00f3n de este concejo, \u00a0una vez que se constat\u00f3 el qu\u00f3rum y se aprob\u00f3 el acta anterior, a nombre de los taxistas de Ciudad Valles, Roberto Garc\u00eda Manzano, solicit\u00f3 un ajuste de 3 pesos, que en su opini\u00f3n, dijo es pr\u00e1cticamente nula ante la serie de impuestos y aumentos que se han dado en combustibles y refacciones.<\/div>\n<div style=\"text-align: justify\">Posteriormente, el Titular del \u00c1rea de Recursos Humanos de la empresa concesionaria del Transporte Urbano en la localidad, Lic. Ismael \u00a0Aliuy\u00e1n Su\u00e1rez, indic\u00f3 que ya se encuentra ante el Concejo Estatal del Transporte la solicitud de aumento, en espera de ser dictaminada.<\/div>\n<div style=\"text-align: justify\">\u00a0 \u00a0 \u00a0 En Asuntos Generales el Secretario del Ayuntamiento, \u00a0Almend\u00e1rez Mar\u00edn, solicit\u00f3 que ante la proximidad de que se lleve a cabo la Feria Nacional de la Huasteca Potosina, se fije una tarifa a los taxistas que prestar\u00e1n este servicio durante ese periodo, a fin de evitar abusos.<\/div>\n<div style=\"text-align: justify\">\u00a0 \u00a0 \u00a0 En los 3 casos se determin\u00f3 que los expedientes ser\u00e1n turnados ante la Secretar\u00eda de Comunicaciones y Transportes y el Concejo Estatal de Transporte para que se dictamine de acuerdo a la conformaci\u00f3n de las solicitudes.\u00a0<\/div>\n","protected":false},"excerpt":{"rendered":"<p>\u00a0 &#8211;\u00a0Municipio pide tarifa fija a taxistas para los d\u00edas de feria Ciudad Valles S.L.P. 26\/1\/13.- El Concejo Municipal de Transporte de Ciudad Valles, sesion\u00f3 este viernes \u00a0en el Sal\u00f3n de Cabildo \u00a8Rafael Curiel Gallegos\u00a8, \u00a0presidida por el Secretario del Ayuntamiento, Lic. Gilberto Almend\u00e1rez Mar\u00edn, &hellip; <\/p>\n","protected":false},"author":1,"featured_media":2752,"comment_status":"open","ping_status":"open","sticky":false,"template":"","format":"standard","meta":{"footnotes":""},"categories":[7],"tags":[],"class_list":["post-2753","post","type-post","status-publish","format-standard","has-post-thumbnail","hentry","category-ciudad"],"_links":{"self":[{"href":"https:\/\/amanecerhuasteco.com\/portal\/wp-json\/wp\/v2\/posts\/2753","targetHints":{"allow":["GET"]}}],"collection":[{"href":"https:\/\/amanecerhuasteco.com\/portal\/wp-json\/wp\/v2\/posts"}],"about":[{"href":"https:\/\/amanecerhuasteco.com\/portal\/wp-json\/wp\/v2\/types\/post"}],"author":[{"embeddable":true,"href":"https:\/\/amanecerhuasteco.com\/portal\/wp-json\/wp\/v2\/users\/1"}],"replies":[{"embeddable":true,"href":"https:\/\/amanecerhuasteco.com\/portal\/wp-json\/wp\/v2\/comments?post=2753"}],"version-history":[{"count":0,"href":"https:\/\/amanecerhuasteco.com\/portal\/wp-json\/wp\/v2\/posts\/2753\/revisions"}],"wp:featuredmedia":[{"embeddable":true,"href":"https:\/\/amanecerhuasteco.com\/portal\/wp-json\/wp\/v2\/media\/2752"}],"wp:attachment":[{"href":"https:\/\/amanecerhuasteco.com\/portal\/wp-json\/wp\/v2\/media?parent=2753"}],"wp:term":[{"taxonomy":"category","embeddable":true,"href":"https:\/\/amanecerhuasteco.com\/portal\/wp-json\/wp\/v2\/categories?post=2753"},{"taxonomy":"post_tag","embeddable":true,"href":"https:\/\/amanecerhuasteco.com\/portal\/wp-json\/wp\/v2\/tags?post=2753"}],"curies":[{"name":"wp","href":"https:\/\/api.w.org\/{rel}","templated":true}]}}