{"id":2754,"date":"2013-01-26T20:07:29","date_gmt":"2013-01-27T02:07:29","guid":{"rendered":"http:\/\/amanecerhuasteco.com\/portal\/2013\/01\/26\/aumento-a-tarifa-del-transporte-afectara-economia-familiar\/"},"modified":"2013-01-26T20:07:29","modified_gmt":"2013-01-27T02:07:29","slug":"aumento-a-tarifa-del-transporte-afectara-economia-familiar","status":"publish","type":"post","link":"https:\/\/amanecerhuasteco.com\/portal\/aumento-a-tarifa-del-transporte-afectara-economia-familiar\/","title":{"rendered":"AUMENTO A TARIFA DEL TRANSPORTE AFECTARA ECONOMIA FAMILIAR"},"content":{"rendered":"<div style=\"text-align: justify\"><span style=\"line-height: 1.3em\"><strong>&#8211; La diputada Delia Guerrero escuch\u00f3 postura se estudiantes<\/strong><\/span><\/div>\n<div style=\"text-align: justify\"><span style=\"line-height: 1.3em\">Ciudad Valles S.L.P. 26\/1\/13.- Mientras que legisladores y un consejo municipal de transporte se debate entre si autorizan o no el aumento a la tarifa del pasaje, nadie analiza la situaci\u00f3n econ\u00f3mica por la que atraviesa la poblaci\u00f3n en general.<\/span><\/div>\n<div style=\"text-align: justify\">\u00a0 \u00a0 Un aumento a la tarifa, afecta directamente los bolsillos de los padres de familia, porque tendr\u00e1n que desembolsar m\u00e1s dinero para el \u201cpasaje\u201d de sus hijos a los planteles educativos.<\/div>\n<div style=\"text-align: justify\">\u00a0 \u00a0 \u00a0Los pronunciamientos de la empresa prestadora del servicio urbano y los taxistas, tendr\u00e1n que hacerlo en el plazo establecido por la Ley, ser\u00e1 el Congreso del Estado el que finalmente en la segunda semana del segundo mes del a\u00f1o someta a votaci\u00f3n las propuestas, los taxistas de hecho desde el a\u00f1o pasado cobran lo que ahora pretenden oficializar.<\/div>\n<div style=\"text-align: justify\">\u00a0 \u00a0 \u00a0Los estudiantes tuvieron una entrevista con la diputada Delia Guerrero a quien expusieron su preocupaci\u00f3n de un aumento dr\u00e1stico de \u00a0($1.90), \u00a0 \u201c Es preocupante para estudiantes y usuarios en general \u2013 expusieron \u2013 las pretensiones de la empresa es dr\u00e1stico, que haya un aumento pero moderado sin afectar a las dos partes, usuario y empresa\u201d.<\/div>\n<div style=\"text-align: justify\">\u00a0 \u00a0 \u00a0 Tambi\u00e9n enfatiz\u00f3 que es cuesti\u00f3n de conciencia, hay alumnos que solo llevan limitado el pasaje, no sobra para comprar alg\u00fan alimento, se escucha dram\u00e1tico pero es la verdad \u00a0se\u00f1alaron.<\/div>\n<div style=\"text-align: justify\">\u00a0 \u00a0 \u00a0 La legisladora pri\u00edsta dijo que tienen hasta el 9 de febrero para decidir sobre la tarifa normal y preferencial, adem\u00e1s seg\u00fan exposici\u00f3n de las autoridades del transporte, los diez puntos comprometidos a resolver a favor de los usuarios, los concesionarios no han cumplido totalmente cuando ya demandan otro aumento.<\/div>\n","protected":false},"excerpt":{"rendered":"<p>&#8211; La diputada Delia Guerrero escuch\u00f3 postura se estudiantes Ciudad Valles S.L.P. 26\/1\/13.- Mientras que legisladores y un consejo municipal de transporte se debate entre si autorizan o no el aumento a la tarifa del pasaje, nadie analiza la situaci\u00f3n econ\u00f3mica por la que atraviesa &hellip; <\/p>\n","protected":false},"author":1,"featured_media":17874,"comment_status":"open","ping_status":"open","sticky":false,"template":"","format":"standard","meta":{"footnotes":""},"categories":[4],"tags":[],"class_list":["post-2754","post","type-post","status-publish","format-standard","has-post-thumbnail","hentry","category-inicio"],"_links":{"self":[{"href":"https:\/\/amanecerhuasteco.com\/portal\/wp-json\/wp\/v2\/posts\/2754","targetHints":{"allow":["GET"]}}],"collection":[{"href":"https:\/\/amanecerhuasteco.com\/portal\/wp-json\/wp\/v2\/posts"}],"about":[{"href":"https:\/\/amanecerhuasteco.com\/portal\/wp-json\/wp\/v2\/types\/post"}],"author":[{"embeddable":true,"href":"https:\/\/amanecerhuasteco.com\/portal\/wp-json\/wp\/v2\/users\/1"}],"replies":[{"embeddable":true,"href":"https:\/\/amanecerhuasteco.com\/portal\/wp-json\/wp\/v2\/comments?post=2754"}],"version-history":[{"count":0,"href":"https:\/\/amanecerhuasteco.com\/portal\/wp-json\/wp\/v2\/posts\/2754\/revisions"}],"wp:featuredmedia":[{"embeddable":true,"href":"https:\/\/amanecerhuasteco.com\/portal\/wp-json\/wp\/v2\/media\/17874"}],"wp:attachment":[{"href":"https:\/\/amanecerhuasteco.com\/portal\/wp-json\/wp\/v2\/media?parent=2754"}],"wp:term":[{"taxonomy":"category","embeddable":true,"href":"https:\/\/amanecerhuasteco.com\/portal\/wp-json\/wp\/v2\/categories?post=2754"},{"taxonomy":"post_tag","embeddable":true,"href":"https:\/\/amanecerhuasteco.com\/portal\/wp-json\/wp\/v2\/tags?post=2754"}],"curies":[{"name":"wp","href":"https:\/\/api.w.org\/{rel}","templated":true}]}}