{"id":2758,"date":"2013-01-28T15:24:09","date_gmt":"2013-01-28T21:24:09","guid":{"rendered":"http:\/\/amanecerhuasteco.com\/portal\/2013\/01\/28\/impartiran-taller-de-capacitacion-a-jueces-auxiliares-que-pertenecen-a-al-padron-de-comunidades-indigenas-de-nuestro-municipio\/"},"modified":"2013-01-28T15:24:09","modified_gmt":"2013-01-28T21:24:09","slug":"impartiran-taller-de-capacitacion-a-jueces-auxiliares-que-pertenecen-a-al-padron-de-comunidades-indigenas-de-nuestro-municipio","status":"publish","type":"post","link":"https:\/\/amanecerhuasteco.com\/portal\/impartiran-taller-de-capacitacion-a-jueces-auxiliares-que-pertenecen-a-al-padron-de-comunidades-indigenas-de-nuestro-municipio\/","title":{"rendered":"Impartir\u00e1n Taller de capacitaci\u00f3n  a Jueces Auxiliares  que  pertenecen a  al padr\u00f3n de Comunidades Ind\u00edgenas de nuestro municipio."},"content":{"rendered":"<div style=\"text-align: justify\"><span style=\"line-height: 1.3em\">Tamuin S.L.P. 27\/1\/13.- Con la finalidad de promover \u00a0las funciones y obligaciones \u00a0as\u00ed como los derechos de las personas de comunidad Ind\u00edgena, haciendo \u00e9nfasis en las mujeres ind\u00edgenas de nuestro municipio, se llevara a cabo el primer curso- taller de capacitaci\u00f3n a los Nuevos Jueces Auxiliares que pertenecen al padr\u00f3n \u00a0de comunidades Ind\u00edgenas, dicho taller ser\u00e1 impartido por \u00a0 Bernarda Reyes Hern\u00e1ndez, Subprocuradora de Etnias con sede en Tancanhuitz de Santos.<\/span><\/div>\n<div style=\"text-align: justify\">\u00a0 \u00a0 Dicho taller se llevara a cabo el pr\u00f3ximo 5 de Febrero en el sal\u00f3n de Cabildo de la Presidencia Municipal, a partir de las 10:00 horas.<\/div>\n<div style=\"text-align: justify\">\u201cNuestras comunidades ind\u00edgenas enfrentan muchos desaf\u00edos y sus derechos humanos son violados con frecuencia, se les priva de su derecho a controlar su propio desarrollo con base en sus valores, necesidades y prioridades; tienen escasa representaci\u00f3n pol\u00edtica; y no tienen acceso a los servicios sociales. A menudo se les excluye de los procesos de consulta sobre proyectos que afectan a sus tierras y son con frecuencia v\u00edctimas del desplazamiento forzoso como resultado de actividades comerciales como la explotaci\u00f3n de los recursos naturales, por tal motivo trabajaremos defender los derechos de las comunidades ind\u00edgenas debido que en nuestro municipio son aproximadamente 15 comunidades que est\u00e1n dentro del padr\u00f3n de pueblos Ind\u00edgenas, dentro de los que se encuentran 180 Ejidos y 5 Centros de Poblaci\u00f3n, entre los que se encuentra Sta. Martha, la Ceiba, Emiliano Zapata, Tampa\u00f3n, Huastecos, etc.\u201d<\/div>\n<div style=\"text-align: justify\">As\u00ed lo menciono Jos\u00e9 Antonio Mart\u00ednez Almaz\u00e1n, Director de Asuntos Ind\u00edgenas de nuestro municipio.<\/div>\n","protected":false},"excerpt":{"rendered":"<p>Tamuin S.L.P. 27\/1\/13.- Con la finalidad de promover \u00a0las funciones y obligaciones \u00a0as\u00ed como los derechos de las personas de comunidad Ind\u00edgena, haciendo \u00e9nfasis en las mujeres ind\u00edgenas de nuestro municipio, se llevara a cabo el primer curso- taller de capacitaci\u00f3n a los Nuevos Jueces &hellip; <\/p>\n","protected":false},"author":1,"featured_media":2757,"comment_status":"open","ping_status":"open","sticky":false,"template":"","format":"standard","meta":{"footnotes":""},"categories":[20],"tags":[],"class_list":["post-2758","post","type-post","status-publish","format-standard","has-post-thumbnail","hentry","category-tamuin"],"_links":{"self":[{"href":"https:\/\/amanecerhuasteco.com\/portal\/wp-json\/wp\/v2\/posts\/2758","targetHints":{"allow":["GET"]}}],"collection":[{"href":"https:\/\/amanecerhuasteco.com\/portal\/wp-json\/wp\/v2\/posts"}],"about":[{"href":"https:\/\/amanecerhuasteco.com\/portal\/wp-json\/wp\/v2\/types\/post"}],"author":[{"embeddable":true,"href":"https:\/\/amanecerhuasteco.com\/portal\/wp-json\/wp\/v2\/users\/1"}],"replies":[{"embeddable":true,"href":"https:\/\/amanecerhuasteco.com\/portal\/wp-json\/wp\/v2\/comments?post=2758"}],"version-history":[{"count":0,"href":"https:\/\/amanecerhuasteco.com\/portal\/wp-json\/wp\/v2\/posts\/2758\/revisions"}],"wp:featuredmedia":[{"embeddable":true,"href":"https:\/\/amanecerhuasteco.com\/portal\/wp-json\/wp\/v2\/media\/2757"}],"wp:attachment":[{"href":"https:\/\/amanecerhuasteco.com\/portal\/wp-json\/wp\/v2\/media?parent=2758"}],"wp:term":[{"taxonomy":"category","embeddable":true,"href":"https:\/\/amanecerhuasteco.com\/portal\/wp-json\/wp\/v2\/categories?post=2758"},{"taxonomy":"post_tag","embeddable":true,"href":"https:\/\/amanecerhuasteco.com\/portal\/wp-json\/wp\/v2\/tags?post=2758"}],"curies":[{"name":"wp","href":"https:\/\/api.w.org\/{rel}","templated":true}]}}