{"id":2762,"date":"2013-01-28T15:38:06","date_gmt":"2013-01-28T21:38:06","guid":{"rendered":"http:\/\/amanecerhuasteco.com\/portal\/2013\/01\/28\/rinde-protesta-nueva-directiva-de-comerciantes-ambulantes\/"},"modified":"2013-01-28T15:38:06","modified_gmt":"2013-01-28T21:38:06","slug":"rinde-protesta-nueva-directiva-de-comerciantes-ambulantes","status":"publish","type":"post","link":"https:\/\/amanecerhuasteco.com\/portal\/rinde-protesta-nueva-directiva-de-comerciantes-ambulantes\/","title":{"rendered":"Rinde protesta nueva directiva de Comerciantes Ambulantes."},"content":{"rendered":"<div style=\"text-align: justify\">\u00a0<\/div>\n<div style=\"text-align: justify\"><span style=\"line-height: 1.3em\">Tamuin 28\/1\/13.-El pasado 26 de enero, se llev\u00f3 a cabo la toma de protesta de la nueva directiva de comerciantes ambulantes, en donde estuvieron presentes autoridades municipales.  Santiago Ledezma Cano como Presidente Municipal, el Diputado Federal Jorge Ter\u00e1n Ju\u00e1rez, la regidora con la comisi\u00f3n de Comercio Elvira Hern\u00e1ndez de la Vega y el Director de Comercio, Rodolfo Rodr\u00edguez D\u00edaz. La toma de protesta estuvo a cargo del Diputado Federal Jorge Ter\u00e1n Ju\u00e1rez. <\/span><\/div>\n<div style=\"text-align: justify\"><span style=\"line-height: 1.3em\"> En su mensaje el Ing. Santiago Ledezma Cano felicito a los nuevos integrantes de la directiva de Comerciantes ambulantes, haciendo hincapi\u00e9 en que deben trabajar de manera coordinada y de manera organizada.  Con un padr\u00f3n de 178 comerciantes registrados, es como de esta manera el objetivo de la nueva directiva es trabajar de manera coordinada para obtener mayores beneficios y as\u00ed poder salir adelante, as\u00ed lo menciono Rosa In\u00e9s Rodr\u00edguez Zapata, quien es la nueva Presidenta de Comerciantes ambulantes. <\/span><\/div>\n<div style=\"text-align: justify\"><span style=\"line-height: 1.3em\"> La nueva Directiva de Comerciantes ambulantes quedo conformada de la siguiente manera:<\/span><\/div>\n<div style=\"text-align: justify\"><span style=\"line-height: 1.3em\"> \u2022 Presidente: Rosa In\u00e9s Rodr\u00edguez Zapata. <\/span><\/div>\n<div style=\"text-align: justify\"><span style=\"line-height: 1.3em\"> \u2022 Secretario: Zoila Rodr\u00edguez Mart\u00ednez. <\/span><\/div>\n<div style=\"text-align: justify\"><span style=\"line-height: 1.3em\"> \u2022 Tesorero: Rosendo Mart\u00ednez Vega. <\/span><\/div>\n<div style=\"text-align: justify\"><span style=\"line-height: 1.3em\"> \u2022 Primer Vocal: Maribel Espinoza Cruz. <\/span><\/div>\n<div style=\"text-align: justify\"><span style=\"line-height: 1.3em\"> \u2022 Segundo Vocal: Lester Isidro Z\u00fa\u00f1iga Guzm\u00e1n. <\/span><\/div>\n<div style=\"text-align: justify\"><span style=\"line-height: 1.3em\"> \u2022 Tercer Vocal: Felipe Guillen Aguilar.<\/span><\/div>\n","protected":false},"excerpt":{"rendered":"<p>\u00a0 Tamuin 28\/1\/13.-El pasado 26 de enero, se llev\u00f3 a cabo la toma de protesta de la nueva directiva de comerciantes ambulantes, en donde estuvieron presentes autoridades municipales. Santiago Ledezma Cano como Presidente Municipal, el Diputado Federal Jorge Ter\u00e1n Ju\u00e1rez, la regidora con la comisi\u00f3n &hellip; <\/p>\n","protected":false},"author":1,"featured_media":2761,"comment_status":"open","ping_status":"open","sticky":false,"template":"","format":"standard","meta":{"footnotes":""},"categories":[20],"tags":[],"class_list":["post-2762","post","type-post","status-publish","format-standard","has-post-thumbnail","hentry","category-tamuin"],"_links":{"self":[{"href":"https:\/\/amanecerhuasteco.com\/portal\/wp-json\/wp\/v2\/posts\/2762","targetHints":{"allow":["GET"]}}],"collection":[{"href":"https:\/\/amanecerhuasteco.com\/portal\/wp-json\/wp\/v2\/posts"}],"about":[{"href":"https:\/\/amanecerhuasteco.com\/portal\/wp-json\/wp\/v2\/types\/post"}],"author":[{"embeddable":true,"href":"https:\/\/amanecerhuasteco.com\/portal\/wp-json\/wp\/v2\/users\/1"}],"replies":[{"embeddable":true,"href":"https:\/\/amanecerhuasteco.com\/portal\/wp-json\/wp\/v2\/comments?post=2762"}],"version-history":[{"count":0,"href":"https:\/\/amanecerhuasteco.com\/portal\/wp-json\/wp\/v2\/posts\/2762\/revisions"}],"wp:featuredmedia":[{"embeddable":true,"href":"https:\/\/amanecerhuasteco.com\/portal\/wp-json\/wp\/v2\/media\/2761"}],"wp:attachment":[{"href":"https:\/\/amanecerhuasteco.com\/portal\/wp-json\/wp\/v2\/media?parent=2762"}],"wp:term":[{"taxonomy":"category","embeddable":true,"href":"https:\/\/amanecerhuasteco.com\/portal\/wp-json\/wp\/v2\/categories?post=2762"},{"taxonomy":"post_tag","embeddable":true,"href":"https:\/\/amanecerhuasteco.com\/portal\/wp-json\/wp\/v2\/tags?post=2762"}],"curies":[{"name":"wp","href":"https:\/\/api.w.org\/{rel}","templated":true}]}}