{"id":2767,"date":"2013-01-28T15:53:55","date_gmt":"2013-01-28T21:53:55","guid":{"rendered":"http:\/\/amanecerhuasteco.com\/portal\/2013\/01\/28\/artesanos-en-movimiento-escaparate-para-el-desarrollo-empresarial\/"},"modified":"2013-01-28T15:53:55","modified_gmt":"2013-01-28T21:53:55","slug":"artesanos-en-movimiento-escaparate-para-el-desarrollo-empresarial","status":"publish","type":"post","link":"https:\/\/amanecerhuasteco.com\/portal\/artesanos-en-movimiento-escaparate-para-el-desarrollo-empresarial\/","title":{"rendered":"\u201cARTESANOS EN MOVIMIENTO\u201d ESCAPARATE PARA EL DESARROLLO EMPRESARIAL"},"content":{"rendered":"<div style=\"text-align: justify\"><\/div>\n<div style=\"text-align: justify\"><strong><span style=\"line-height: 1.3em\">&#8211;\u00a0<\/span><span style=\"line-height: 1.3em\">Se instalar\u00e1 cada \u00faltimo domingo de mes<\/span><\/strong><\/div>\n<div style=\"text-align: justify\"><span style=\"line-height: 1.3em\">Ciudad Valles S.L.P. 28\/1\/13.- El Secretario del Ayuntamiento, Gilberto Almend\u00e1rez Mar\u00edn, en representaci\u00f3n del Alcalde Juan Jos\u00e9 Ortiz Azuara, inaugur\u00f3 el Pabell\u00f3n \u201cArtesanos en Movimiento\u201d, que a partir de este domingo se instal\u00f3 en la Plaza Principal, \u00a0a cargo de la Direcci\u00f3n de Empleo y Desarrollo Empresarial, cuya titular es la Ninfa Victoria Ramos Rodr\u00edguez.<\/span><\/div>\n<div style=\"text-align: justify\">\u00a0 \u00a0 \u00a0 El pabell\u00f3n artesanal, a partir de esta fecha, se instalar\u00e1 en la Plaza Principal cada \u00faltimo domingo de mes, y el principal objetivo, seg\u00fan lo dio a conocer \u00a0Ramos Rodr\u00edguez, es impulsar el crecimiento econ\u00f3mico y el autoempleo de los artesanos por lo que agradeci\u00f3 a las Direcciones de Desarrollo Econ\u00f3mico, Desarrollo Empresarial, as\u00ed como a Turismo Municipal, todo el apoyo prestado para consolidar este proyecto que \u00a0se instal\u00f3 en el Jard\u00edn Hidalgo con gran asistencia y aceptaci\u00f3n de familias Vallenses que se dieron cita al evento, disfrutando de jugo de ca\u00f1a que se extra\u00eda en ese momento, nieves, tepache, zacahuil y un sin n\u00famero de artesan\u00edas entre bordados, accesorios, cuadros, canastas y m\u00e1s.<\/div>\n<div style=\"text-align: justify\">\u00a0 \u00a0 \u00a0 Cabe destacar que a nombre de los artesanos, \u00a0Manuel Galarza Vel\u00e1zquez que a trav\u00e9s de las distintas \u00e1reas de su administraci\u00f3n se brinde la oportunidad de impulsar el autoempleo, para que los ciudadanos sepan que aqu\u00ed se elaboran alimentos y art\u00edculos naturales que pueden disfrutar y adquirir.<\/div>\n<div style=\"text-align: justify\">\u00a0 \u00a0 Almend\u00e1rez Mar\u00edn, reconoci\u00f3 el trabajo de los artesanos, la calidad con la que trabajan y plasman en sus art\u00edculos la experiencia y habilidad que les fue heredada de sus ancestros, misma que realizan con ingenio y esfuerzo.<\/div>\n<div style=\"text-align: justify\">\u00a0 \u00a0 \u00a0 \u00a0Resalt\u00f3 que el Presidente Municipal \u00a0impulsa el ingenio y el trabajo de los \u00a0artesanos de Ciudad Valles para que aumenten su producci\u00f3n, tengan ingresos, fuentes de empleo y, al mismo tiempo, se conserve la tradici\u00f3n como parte de nuestras costumbres, pues aunque el producto artesanal es pirateado con frecuencia \u00a0por grandes potencias, y no se puede competir porque bajan los precios, la calidad y el esmero con que nuestra gente los elabora marca la gran diferencia que bien vale la pena fomentar.<\/div>\n<div style=\"text-align: justify\">Por \u00faltimo, destac\u00f3 que el municipio pretende integrar un padr\u00f3n de artesanos, con el fin de apoyarlos y seguir creando fuentes de empleo.<\/div>\n","protected":false},"excerpt":{"rendered":"<p>&#8211;\u00a0Se instalar\u00e1 cada \u00faltimo domingo de mes Ciudad Valles S.L.P. 28\/1\/13.- El Secretario del Ayuntamiento, Gilberto Almend\u00e1rez Mar\u00edn, en representaci\u00f3n del Alcalde Juan Jos\u00e9 Ortiz Azuara, inaugur\u00f3 el Pabell\u00f3n \u201cArtesanos en Movimiento\u201d, que a partir de este domingo se instal\u00f3 en la Plaza Principal, \u00a0a &hellip; <\/p>\n","protected":false},"author":1,"featured_media":2766,"comment_status":"open","ping_status":"open","sticky":false,"template":"","format":"standard","meta":{"footnotes":""},"categories":[7],"tags":[],"class_list":["post-2767","post","type-post","status-publish","format-standard","has-post-thumbnail","hentry","category-ciudad"],"_links":{"self":[{"href":"https:\/\/amanecerhuasteco.com\/portal\/wp-json\/wp\/v2\/posts\/2767","targetHints":{"allow":["GET"]}}],"collection":[{"href":"https:\/\/amanecerhuasteco.com\/portal\/wp-json\/wp\/v2\/posts"}],"about":[{"href":"https:\/\/amanecerhuasteco.com\/portal\/wp-json\/wp\/v2\/types\/post"}],"author":[{"embeddable":true,"href":"https:\/\/amanecerhuasteco.com\/portal\/wp-json\/wp\/v2\/users\/1"}],"replies":[{"embeddable":true,"href":"https:\/\/amanecerhuasteco.com\/portal\/wp-json\/wp\/v2\/comments?post=2767"}],"version-history":[{"count":0,"href":"https:\/\/amanecerhuasteco.com\/portal\/wp-json\/wp\/v2\/posts\/2767\/revisions"}],"wp:featuredmedia":[{"embeddable":true,"href":"https:\/\/amanecerhuasteco.com\/portal\/wp-json\/wp\/v2\/media\/2766"}],"wp:attachment":[{"href":"https:\/\/amanecerhuasteco.com\/portal\/wp-json\/wp\/v2\/media?parent=2767"}],"wp:term":[{"taxonomy":"category","embeddable":true,"href":"https:\/\/amanecerhuasteco.com\/portal\/wp-json\/wp\/v2\/categories?post=2767"},{"taxonomy":"post_tag","embeddable":true,"href":"https:\/\/amanecerhuasteco.com\/portal\/wp-json\/wp\/v2\/tags?post=2767"}],"curies":[{"name":"wp","href":"https:\/\/api.w.org\/{rel}","templated":true}]}}