{"id":2778,"date":"2013-01-30T00:42:28","date_gmt":"2013-01-30T06:42:28","guid":{"rendered":"http:\/\/amanecerhuasteco.com\/portal\/2013\/01\/30\/bajo-precio-del-azucar-afecta-a-mas-165-mil-caneros-perez-valdez\/"},"modified":"2013-01-30T00:42:28","modified_gmt":"2013-01-30T06:42:28","slug":"bajo-precio-del-azucar-afecta-a-mas-165-mil-caneros-perez-valdez","status":"publish","type":"post","link":"https:\/\/amanecerhuasteco.com\/portal\/bajo-precio-del-azucar-afecta-a-mas-165-mil-caneros-perez-valdez\/","title":{"rendered":"BAJO PRECIO DEL AZUCAR AFECTA A M\u00c1S 165 MIL CA\u00d1EROS: PEREZ VALDEZ"},"content":{"rendered":"<div align=\"justify\"><strong>-Fideicomiso Maestro buscara financiar a los industriales a trav\u00e9s de Secretaria de Econom\u00eda y SAGARPA<br \/><\/strong>M\u00e9xico D.F. 29\/1\/13.- En rueda de prensa el Presidente de la Uni\u00f3n Nacional de Ca\u00f1eros CNC Daniel P\u00e9rez Vald\u00e9s, dijo que bajo precio del az\u00facar afecta la econom\u00eda de m\u00e1s de 165 mil ca\u00f1eros pertenecientes a 15 estados de la rep\u00fablica.<br \/>\u00a0\u00a0\u00a0\u00a0 Entre las reuniones con industriales, SE y SAGARPA, se acord\u00f3 crear un Fideicomiso Maestro, que sea el instrumento para otorgar cr\u00e9ditos a los industriales que les permita hacer frente a su capital de trabajo y pagos a los productores de ca\u00f1a.<br \/>\u00a0\u00a0\u00a0 Entre los acuerdos destaca que FIRA y Financiera Rural, as\u00ed como bancos de desarrollo proporcionaran\u00a0 esquemas de financiamiento a este sector, utilizando como garant\u00eda el az\u00facar en bodega.<br \/>\u00a0\u00a0 La idea principal de los acuerdos es ordenar el mercado del az\u00facar nacional y evitar la saturaci\u00f3n que afecta en estos momentos a miles de familias que dependen de esta actividad productiva<br \/>Por otra parte, se definieron las reglas de Operaci\u00f3n del Fideicomiso de Exportaci\u00f3n de Excedentes de Az\u00facar, cuyos participantes ser\u00e1n la Uni\u00f3n Nacional de Ca\u00f1eros y la Uni\u00f3n Nacional de Productores de Ca\u00f1a de Az\u00facar (UNPCA), la C\u00e1mara Nacional de la Industria Azucarera y Alcoholera, as\u00ed como Financiera Rural, que ser\u00e1 la instituci\u00f3n fiduciaria.<br \/>\u00a0\u00a0\u00a0 Por \u00faltimo, P\u00e9rez Valdez estimo que el precio del az\u00facar ha ca\u00eddo un 40% comparado con la zafra anterior lo que ha afectado a econom\u00eda de 227 municipios de 15 estados.<\/div>\n","protected":false},"excerpt":{"rendered":"<p>-Fideicomiso Maestro buscara financiar a los industriales a trav\u00e9s de Secretaria de Econom\u00eda y SAGARPAM\u00e9xico D.F. 29\/1\/13.- En rueda de prensa el Presidente de la Uni\u00f3n Nacional de Ca\u00f1eros CNC Daniel P\u00e9rez Vald\u00e9s, dijo que bajo precio del az\u00facar afecta la econom\u00eda de m\u00e1s de &hellip; <\/p>\n","protected":false},"author":1,"featured_media":2777,"comment_status":"open","ping_status":"open","sticky":false,"template":"","format":"standard","meta":{"footnotes":""},"categories":[4],"tags":[],"class_list":["post-2778","post","type-post","status-publish","format-standard","has-post-thumbnail","hentry","category-inicio"],"_links":{"self":[{"href":"https:\/\/amanecerhuasteco.com\/portal\/wp-json\/wp\/v2\/posts\/2778","targetHints":{"allow":["GET"]}}],"collection":[{"href":"https:\/\/amanecerhuasteco.com\/portal\/wp-json\/wp\/v2\/posts"}],"about":[{"href":"https:\/\/amanecerhuasteco.com\/portal\/wp-json\/wp\/v2\/types\/post"}],"author":[{"embeddable":true,"href":"https:\/\/amanecerhuasteco.com\/portal\/wp-json\/wp\/v2\/users\/1"}],"replies":[{"embeddable":true,"href":"https:\/\/amanecerhuasteco.com\/portal\/wp-json\/wp\/v2\/comments?post=2778"}],"version-history":[{"count":0,"href":"https:\/\/amanecerhuasteco.com\/portal\/wp-json\/wp\/v2\/posts\/2778\/revisions"}],"wp:featuredmedia":[{"embeddable":true,"href":"https:\/\/amanecerhuasteco.com\/portal\/wp-json\/wp\/v2\/media\/2777"}],"wp:attachment":[{"href":"https:\/\/amanecerhuasteco.com\/portal\/wp-json\/wp\/v2\/media?parent=2778"}],"wp:term":[{"taxonomy":"category","embeddable":true,"href":"https:\/\/amanecerhuasteco.com\/portal\/wp-json\/wp\/v2\/categories?post=2778"},{"taxonomy":"post_tag","embeddable":true,"href":"https:\/\/amanecerhuasteco.com\/portal\/wp-json\/wp\/v2\/tags?post=2778"}],"curies":[{"name":"wp","href":"https:\/\/api.w.org\/{rel}","templated":true}]}}