{"id":2785,"date":"2013-01-31T16:24:34","date_gmt":"2013-01-31T22:24:34","guid":{"rendered":"http:\/\/amanecerhuasteco.com\/portal\/2013\/01\/31\/se-aplicaran-medidas-preventivas-contra-la-contaminacion-atmosferica\/"},"modified":"2013-01-31T16:24:34","modified_gmt":"2013-01-31T22:24:34","slug":"se-aplicaran-medidas-preventivas-contra-la-contaminacion-atmosferica","status":"publish","type":"post","link":"https:\/\/amanecerhuasteco.com\/portal\/se-aplicaran-medidas-preventivas-contra-la-contaminacion-atmosferica\/","title":{"rendered":"SE APLICARAN MEDIDAS PREVENTIVAS CONTRA LA CONTAMINACI\u00d3N ATM\u00d3SFERICA"},"content":{"rendered":"<div style=\"text-align: justify\"><span style=\"line-height: 1.3em\">San Luis Potos\u00ed 30\/1\/13.- Con la finalidad de disminuir los \u00edndices de contaminaci\u00f3n atmosf\u00e9rica, que generan las fuentes fijas y m\u00f3viles, en los pr\u00f3ximos tres meses ser\u00e1n aplicadas acciones preventivas y estrat\u00e9gicas, se estableci\u00f3 en la reuni\u00f3n de seguimiento del Programa de Gesti\u00f3n de Calidad del Aire \u201cPro-aire\u201d, en San Luis Potos\u00ed capital y Soledad de Graciano S\u00e1nchez.<\/span><\/div>\n<div style=\"text-align: justify\"><\/div>\n<div style=\"text-align: justify\">En reuni\u00f3n de trabajo convocada por la Secretar\u00eda de Ecolog\u00eda y Gesti\u00f3n Ambiental, se acordaron diversas medidas que se aplicar\u00e1n a corto plazo, como el concientizar a la poblaci\u00f3n sobre el cuidado del medio ambiente; instaurar el programa de verificaci\u00f3n vehicular obligatorio para el transporte p\u00fablico; llevar a cabo un plan de reforestaci\u00f3n, as\u00ed como un firme control de las fuentes fijas de contaminaci\u00f3n.<\/div>\n<div style=\"text-align: justify\"><\/div>\n<div style=\"text-align: justify\">A la reuni\u00f3n asistieron en representaci\u00f3n del Congreso del estado, el diputado Mart\u00edn \u00c1lvarez Mart\u00ednez, funcionarios de la SEGAM y Semarnat, directores de Ecolog\u00eda, Protecci\u00f3n Civil, y Tr\u00e1nsito de los municipios de la Ciudad Capital y Soledad de Graciano S\u00e1nchez, Pemex, de la Secretar\u00eda de Educaci\u00f3n P\u00fablica, Comunicaciones y Transportes federal y estatal, as\u00ed como representantes de la Canacintra, Ipac, el Consejo Ciudadano, adem\u00e1s de grupos de ladrilleros, y consultores del Programa Pro-Aire.<\/div>\n<div style=\"text-align: justify\"><\/div>\n<div style=\"text-align: justify\">Durante la mesa de trabajo para mejorar la calidad del aire que respiramos los potosinos, se analizaron nuevas propuestas, entre las que destacan: dar a conocer a la poblaci\u00f3n los monitoreos sobre la calidad del aire que emiten las cuatro estaciones de monitoreo ambiental, y establecer m\u00e1s vinculaci\u00f3n con el sector productivo, como la industria, comercio, restaurantes, prestadores de servicios, ladrilleros, a fin de que \u00e9ste cumpla con la Ley Ambiental del Estado.<\/div>\n<div style=\"text-align: justify\"><\/div>\n<div style=\"text-align: justify\">Las dependencias gubernamentales y los organismos privados hicieron el compromiso de trabajar de manera conjunta en este proyecto que pretende detener, controlar y revertir la contaminaci\u00f3n atmosf\u00e9rica en la zona metropolitana de San Luis Potos\u00ed Capital y Soledad de Graciano S\u00e1nchez, y llevarlo m\u00e1s adelante en todo el estado.<\/div>\n","protected":false},"excerpt":{"rendered":"<p>San Luis Potos\u00ed 30\/1\/13.- Con la finalidad de disminuir los \u00edndices de contaminaci\u00f3n atmosf\u00e9rica, que generan las fuentes fijas y m\u00f3viles, en los pr\u00f3ximos tres meses ser\u00e1n aplicadas acciones preventivas y estrat\u00e9gicas, se estableci\u00f3 en la reuni\u00f3n de seguimiento del Programa de Gesti\u00f3n de Calidad &hellip; <\/p>\n","protected":false},"author":1,"featured_media":17874,"comment_status":"open","ping_status":"open","sticky":false,"template":"","format":"standard","meta":{"footnotes":""},"categories":[11],"tags":[],"class_list":["post-2785","post","type-post","status-publish","format-standard","has-post-thumbnail","hentry","category-estado"],"_links":{"self":[{"href":"https:\/\/amanecerhuasteco.com\/portal\/wp-json\/wp\/v2\/posts\/2785","targetHints":{"allow":["GET"]}}],"collection":[{"href":"https:\/\/amanecerhuasteco.com\/portal\/wp-json\/wp\/v2\/posts"}],"about":[{"href":"https:\/\/amanecerhuasteco.com\/portal\/wp-json\/wp\/v2\/types\/post"}],"author":[{"embeddable":true,"href":"https:\/\/amanecerhuasteco.com\/portal\/wp-json\/wp\/v2\/users\/1"}],"replies":[{"embeddable":true,"href":"https:\/\/amanecerhuasteco.com\/portal\/wp-json\/wp\/v2\/comments?post=2785"}],"version-history":[{"count":0,"href":"https:\/\/amanecerhuasteco.com\/portal\/wp-json\/wp\/v2\/posts\/2785\/revisions"}],"wp:featuredmedia":[{"embeddable":true,"href":"https:\/\/amanecerhuasteco.com\/portal\/wp-json\/wp\/v2\/media\/17874"}],"wp:attachment":[{"href":"https:\/\/amanecerhuasteco.com\/portal\/wp-json\/wp\/v2\/media?parent=2785"}],"wp:term":[{"taxonomy":"category","embeddable":true,"href":"https:\/\/amanecerhuasteco.com\/portal\/wp-json\/wp\/v2\/categories?post=2785"},{"taxonomy":"post_tag","embeddable":true,"href":"https:\/\/amanecerhuasteco.com\/portal\/wp-json\/wp\/v2\/tags?post=2785"}],"curies":[{"name":"wp","href":"https:\/\/api.w.org\/{rel}","templated":true}]}}