{"id":2789,"date":"2013-01-31T16:35:24","date_gmt":"2013-01-31T22:35:24","guid":{"rendered":"http:\/\/amanecerhuasteco.com\/portal\/2013\/01\/31\/apoyan-a-productores-caneros-de-veracruz-con-becas\/"},"modified":"2013-01-31T16:35:24","modified_gmt":"2013-01-31T22:35:24","slug":"apoyan-a-productores-caneros-de-veracruz-con-becas","status":"publish","type":"post","link":"https:\/\/amanecerhuasteco.com\/portal\/apoyan-a-productores-caneros-de-veracruz-con-becas\/","title":{"rendered":"Apoyan a productores ca\u00f1eros de Veracruz con becas"},"content":{"rendered":"<div style=\"text-align: justify\"><span style=\"line-height: 1.3em\">Veracruzanos.info 31\/1\/13.- Con becas y alimentos, el gobierno del estado est\u00e1 apoyando a los productores de ca\u00f1a que participan en el paro nacional por el precio del az\u00facar y la importaci\u00f3n del endulzante inform\u00f3 el subsecretario de gobierno, Enrique Ampudia Melo.<\/span><\/div>\n<div style=\"text-align: justify\">El funcionario estatal indic\u00f3 que se est\u00e1 buscando una soluci\u00f3n de manera coordinada con las autoridades federales, estatales y productores a fin de que los ca\u00f1eros adheridos a la Confederaci\u00f3n Nacional Campesina (CNC) y la Confederaci\u00f3n Nacional de Productores Rurales (CNPR) liberen las bodegas de los ingenios en el pa\u00eds.\u00a0<\/div>\n<div style=\"text-align: justify\">Si bien dijo que el problema que enfrenta la industria azucarera se debi\u00f3 a la autorizaci\u00f3n que hizo el gobierno de Felipe Calder\u00f3n al permitir la importaci\u00f3n del endulzante a pa\u00edses de Centroam\u00e9rica hay un clima de comunicaci\u00f3n directa con las organizaciones ca\u00f1eras.\u00a0<\/div>\n<div style=\"text-align: justify\">\u201cEsperamos que pronto se encuentre una soluci\u00f3n a los problemas\u201d, declar\u00f3 Ampudia Mello.\u00a0<\/div>\n<div style=\"text-align: justify\">Mientras esto sucede se\u00f1al\u00f3 que el gobierno del estado los est\u00e1 apoyando con una visi\u00f3n de sentido social y de compromiso con las familias de los productores as\u00ed como en las econom\u00edas de la zona en donde se encuentran ubicados los 22 ingenios a fin que no se vea muy afectada.\u00a0<\/div>\n<div style=\"text-align: justify\">\u201cEstamos apoyado con becas, apoyos alimenticios y utilizando el recurso que el presupuesto federal y estatal tiene previsto para este tipo de situaciones\u201d, inform\u00f3 el Subsecretario de Gobierno.\u00a0<\/div>\n","protected":false},"excerpt":{"rendered":"<p>Veracruzanos.info 31\/1\/13.- Con becas y alimentos, el gobierno del estado est\u00e1 apoyando a los productores de ca\u00f1a que participan en el paro nacional por el precio del az\u00facar y la importaci\u00f3n del endulzante inform\u00f3 el subsecretario de gobierno, Enrique Ampudia Melo. El funcionario estatal indic\u00f3 &hellip; <\/p>\n","protected":false},"author":1,"featured_media":17874,"comment_status":"open","ping_status":"open","sticky":false,"template":"","format":"standard","meta":{"footnotes":""},"categories":[14],"tags":[],"class_list":["post-2789","post","type-post","status-publish","format-standard","has-post-thumbnail","hentry","category-caneros"],"_links":{"self":[{"href":"https:\/\/amanecerhuasteco.com\/portal\/wp-json\/wp\/v2\/posts\/2789","targetHints":{"allow":["GET"]}}],"collection":[{"href":"https:\/\/amanecerhuasteco.com\/portal\/wp-json\/wp\/v2\/posts"}],"about":[{"href":"https:\/\/amanecerhuasteco.com\/portal\/wp-json\/wp\/v2\/types\/post"}],"author":[{"embeddable":true,"href":"https:\/\/amanecerhuasteco.com\/portal\/wp-json\/wp\/v2\/users\/1"}],"replies":[{"embeddable":true,"href":"https:\/\/amanecerhuasteco.com\/portal\/wp-json\/wp\/v2\/comments?post=2789"}],"version-history":[{"count":0,"href":"https:\/\/amanecerhuasteco.com\/portal\/wp-json\/wp\/v2\/posts\/2789\/revisions"}],"wp:featuredmedia":[{"embeddable":true,"href":"https:\/\/amanecerhuasteco.com\/portal\/wp-json\/wp\/v2\/media\/17874"}],"wp:attachment":[{"href":"https:\/\/amanecerhuasteco.com\/portal\/wp-json\/wp\/v2\/media?parent=2789"}],"wp:term":[{"taxonomy":"category","embeddable":true,"href":"https:\/\/amanecerhuasteco.com\/portal\/wp-json\/wp\/v2\/categories?post=2789"},{"taxonomy":"post_tag","embeddable":true,"href":"https:\/\/amanecerhuasteco.com\/portal\/wp-json\/wp\/v2\/tags?post=2789"}],"curies":[{"name":"wp","href":"https:\/\/api.w.org\/{rel}","templated":true}]}}