{"id":2791,"date":"2013-01-31T17:10:27","date_gmt":"2013-01-31T23:10:27","guid":{"rendered":"http:\/\/amanecerhuasteco.com\/portal\/2013\/01\/31\/arranque-de-las-mesas-de-trabajo-en-las-comunidades-indigenas-de-la-zona-tenek\/"},"modified":"2013-01-31T17:10:27","modified_gmt":"2013-01-31T23:10:27","slug":"arranque-de-las-mesas-de-trabajo-en-las-comunidades-indigenas-de-la-zona-tenek","status":"publish","type":"post","link":"https:\/\/amanecerhuasteco.com\/portal\/arranque-de-las-mesas-de-trabajo-en-las-comunidades-indigenas-de-la-zona-tenek\/","title":{"rendered":"ARRANQUE DE LAS MESAS DE TRABAJO EN LAS COMUNIDADES INDIGENAS DE LA ZONA TENEK"},"content":{"rendered":"<\/p>\n<p><strong>&#8211; Comienzan ma\u00f1ana en el Ejido \u00a8La Lima\u00a8<br \/><\/strong>Ciudad Valles 30\/1\/13.-Este d\u00eda el alcalde Juan Jos\u00e9 Ortiz Azuara, con su equipo de funcionarios estar\u00e1 en el Ejido La Lima, con el arranque de las mesas de trabajo en la zona ind\u00edgena T\u00e9nek, a ra\u00edz de la atenci\u00f3n que se les quiere brindar, ya que hay un pliego petitorio de solicitudes que tiene en esa zona.<br \/>\u00a0Ortiz Azuara convoc\u00f3 a los departamentos que estar\u00edan involucrados en estas mesas de trabajo como la Direcci\u00f3n de Codesol, Proyectos Productivos, Desarrollo Econ\u00f3mico, Participaci\u00f3n Ciudadana, INAPAM, 70 y m\u00e1s, Abasto Popular, INMUVI, Atenci\u00f3n al Campo, entre otros, quienes estar\u00e1n escuchando y resolviendo las solicitudes de los asistentes.<br \/>\u00a0\u00a0\u00a0 La intenci\u00f3n es tener contacto de manera cercana y directa de los habitantes de la zona, es por eso, que a partir de las 14:00 horas en la Casa de la\u00a0 Cultura, del Ejido la Lima, se estar\u00e1n atendiendo a todas las personas de esa zona\u00a0 que acudan al lugar.<br \/>Adem\u00e1s de ello, se brindara a la poblaci\u00f3n una brigada m\u00e9dica social por parte de la Direcci\u00f3n de Desarrollo Comunitario, y las personas asistentes recibir\u00e1n apoyo m\u00e9dico incluyendo las medicinas, estilistas, ropa, juegos de loter\u00eda con productos b\u00e1sicos de la despensa, payasos, defensor\u00eda social y tambi\u00e9n se contar\u00e1 con Atenci\u00f3n a la Discapacidad.<\/p>\n<p>A la par, el Presidente Municipal inaugurar\u00e1 la impartici\u00f3n de los talleres\u00a0 que organiza el Departamento de Expresi\u00f3n Art\u00edstica y Cultura en Colaboraci\u00f3n de Instituto de Capacitaci\u00f3n para el Trabajo (ICAT) que iniciaron el pasado 21 de enero pero que el presidente inaugurara de manera formal el d\u00eda de ma\u00f1ana en la Zona T\u00e9nek.<\/p>\n","protected":false},"excerpt":{"rendered":"<p>&#8211; Comienzan ma\u00f1ana en el Ejido \u00a8La Lima\u00a8Ciudad Valles 30\/1\/13.-Este d\u00eda el alcalde Juan Jos\u00e9 Ortiz Azuara, con su equipo de funcionarios estar\u00e1 en el Ejido La Lima, con el arranque de las mesas de trabajo en la zona ind\u00edgena T\u00e9nek, a ra\u00edz de la &hellip; <\/p>\n","protected":false},"author":1,"featured_media":2790,"comment_status":"open","ping_status":"open","sticky":false,"template":"","format":"standard","meta":{"footnotes":""},"categories":[4],"tags":[],"class_list":["post-2791","post","type-post","status-publish","format-standard","has-post-thumbnail","hentry","category-inicio"],"_links":{"self":[{"href":"https:\/\/amanecerhuasteco.com\/portal\/wp-json\/wp\/v2\/posts\/2791","targetHints":{"allow":["GET"]}}],"collection":[{"href":"https:\/\/amanecerhuasteco.com\/portal\/wp-json\/wp\/v2\/posts"}],"about":[{"href":"https:\/\/amanecerhuasteco.com\/portal\/wp-json\/wp\/v2\/types\/post"}],"author":[{"embeddable":true,"href":"https:\/\/amanecerhuasteco.com\/portal\/wp-json\/wp\/v2\/users\/1"}],"replies":[{"embeddable":true,"href":"https:\/\/amanecerhuasteco.com\/portal\/wp-json\/wp\/v2\/comments?post=2791"}],"version-history":[{"count":0,"href":"https:\/\/amanecerhuasteco.com\/portal\/wp-json\/wp\/v2\/posts\/2791\/revisions"}],"wp:featuredmedia":[{"embeddable":true,"href":"https:\/\/amanecerhuasteco.com\/portal\/wp-json\/wp\/v2\/media\/2790"}],"wp:attachment":[{"href":"https:\/\/amanecerhuasteco.com\/portal\/wp-json\/wp\/v2\/media?parent=2791"}],"wp:term":[{"taxonomy":"category","embeddable":true,"href":"https:\/\/amanecerhuasteco.com\/portal\/wp-json\/wp\/v2\/categories?post=2791"},{"taxonomy":"post_tag","embeddable":true,"href":"https:\/\/amanecerhuasteco.com\/portal\/wp-json\/wp\/v2\/tags?post=2791"}],"curies":[{"name":"wp","href":"https:\/\/api.w.org\/{rel}","templated":true}]}}