{"id":2795,"date":"2013-01-31T17:23:01","date_gmt":"2013-01-31T23:23:01","guid":{"rendered":"http:\/\/amanecerhuasteco.com\/portal\/2013\/01\/31\/alerta-fundacion-rino-q-sobre-existencia-de-menores-agredidos-por-sus-padres\/"},"modified":"2013-01-31T17:23:01","modified_gmt":"2013-01-31T23:23:01","slug":"alerta-fundacion-rino-q-sobre-existencia-de-menores-agredidos-por-sus-padres","status":"publish","type":"post","link":"https:\/\/amanecerhuasteco.com\/portal\/alerta-fundacion-rino-q-sobre-existencia-de-menores-agredidos-por-sus-padres\/","title":{"rendered":"ALERTA FUNDACI\u00d3N RINO Q SOBRE EXISTENCIA DE MENORES AGREDIDOS POR SUS PADRES"},"content":{"rendered":"<\/p>\n<p><strong>&#8211; La Comisi\u00f3n Estatal de Derechos Humanos trabajar\u00e1 con la asociaci\u00f3n civil para velar por derechos de ni\u00f1as y ni\u00f1os<br \/><\/strong>San Luis Potosi 31\/1\/13.-La Fundaci\u00f3n Rino Q para Ni\u00f1os Quemados y la Comisi\u00f3n Estatal de Derechos Humanos firmaron este mi\u00e9rcoles un convenio que permitir\u00e1 sumar esfuerzos a favor de la ni\u00f1ez, en especial para prevenir que sufran violaciones a sus derechos que algunas veces derivan en quemaduras u otro tipo de agresiones.<\/p>\n<p>Durante la firma del convenio suscrito por Gerardo Manuel Garc\u00eda Lozano, director de Rino Q y Jos\u00e9 \u00c1ngel Mor\u00e1n Portales, presidente de la CEDH, el primero dio a conocer que ese organismo de la sociedad civil atiende a cuatro menores que sufrieron quemaduras a manos de sus propios padres, quienes de esa forma los reprendieron.<\/p>\n<p>Ante situaciones como esa, dijo Jos\u00e9 \u00c1ngel Mor\u00e1n Portales es indispensable que sociedad civil y organismos aut\u00f3nomos como la CEDH realicen labores conjuntas, principalmente de capacitaci\u00f3n y divulgaci\u00f3n entre madres y padres de familia, as\u00ed como en instituciones educativas.<\/p>\n<p>Agreg\u00f3 que adem\u00e1s se continuar\u00e1 trabajando con las autoridades de gobierno para salvaguardar el inter\u00e9s superior de la ni\u00f1ez, tanto en acciones preventivas como de auxilio a quienes sufran agresiones en sus hogares, escuelas o entorno familiar.<\/p>\n<p>El compromiso firmado entre Rino Q y la CEDH permitir\u00e1 adem\u00e1s que los miembros de esa asociaci\u00f3n civil se vuelvan difusores de los derechos humanos entre la poblaci\u00f3n a la atienden.<\/p>\n","protected":false},"excerpt":{"rendered":"<p>&#8211; La Comisi\u00f3n Estatal de Derechos Humanos trabajar\u00e1 con la asociaci\u00f3n civil para velar por derechos de ni\u00f1as y ni\u00f1osSan Luis Potosi 31\/1\/13.-La Fundaci\u00f3n Rino Q para Ni\u00f1os Quemados y la Comisi\u00f3n Estatal de Derechos Humanos firmaron este mi\u00e9rcoles un convenio que permitir\u00e1 sumar esfuerzos &hellip; <\/p>\n","protected":false},"author":1,"featured_media":2794,"comment_status":"open","ping_status":"open","sticky":false,"template":"","format":"standard","meta":{"footnotes":""},"categories":[11],"tags":[],"class_list":["post-2795","post","type-post","status-publish","format-standard","has-post-thumbnail","hentry","category-estado"],"_links":{"self":[{"href":"https:\/\/amanecerhuasteco.com\/portal\/wp-json\/wp\/v2\/posts\/2795","targetHints":{"allow":["GET"]}}],"collection":[{"href":"https:\/\/amanecerhuasteco.com\/portal\/wp-json\/wp\/v2\/posts"}],"about":[{"href":"https:\/\/amanecerhuasteco.com\/portal\/wp-json\/wp\/v2\/types\/post"}],"author":[{"embeddable":true,"href":"https:\/\/amanecerhuasteco.com\/portal\/wp-json\/wp\/v2\/users\/1"}],"replies":[{"embeddable":true,"href":"https:\/\/amanecerhuasteco.com\/portal\/wp-json\/wp\/v2\/comments?post=2795"}],"version-history":[{"count":0,"href":"https:\/\/amanecerhuasteco.com\/portal\/wp-json\/wp\/v2\/posts\/2795\/revisions"}],"wp:featuredmedia":[{"embeddable":true,"href":"https:\/\/amanecerhuasteco.com\/portal\/wp-json\/wp\/v2\/media\/2794"}],"wp:attachment":[{"href":"https:\/\/amanecerhuasteco.com\/portal\/wp-json\/wp\/v2\/media?parent=2795"}],"wp:term":[{"taxonomy":"category","embeddable":true,"href":"https:\/\/amanecerhuasteco.com\/portal\/wp-json\/wp\/v2\/categories?post=2795"},{"taxonomy":"post_tag","embeddable":true,"href":"https:\/\/amanecerhuasteco.com\/portal\/wp-json\/wp\/v2\/tags?post=2795"}],"curies":[{"name":"wp","href":"https:\/\/api.w.org\/{rel}","templated":true}]}}