{"id":2806,"date":"2013-01-31T23:23:49","date_gmt":"2013-02-01T05:23:49","guid":{"rendered":"http:\/\/amanecerhuasteco.com\/portal\/2013\/01\/31\/el-smdif-realizara-brigada-de-valoracion-oftalmologica\/"},"modified":"2013-01-31T23:23:49","modified_gmt":"2013-02-01T05:23:49","slug":"el-smdif-realizara-brigada-de-valoracion-oftalmologica","status":"publish","type":"post","link":"https:\/\/amanecerhuasteco.com\/portal\/el-smdif-realizara-brigada-de-valoracion-oftalmologica\/","title":{"rendered":"EL SMDIF REALIZARA BRIGADA DE VALORACION OFTALMOL\u00d3GICA"},"content":{"rendered":"<div style=\"text-align: justify\"><span style=\"line-height: 1.3em\"><strong>&#8211; Se llevar\u00e1 a cabo el 4 de marzo<\/strong><\/span><\/div>\n<div style=\"text-align: justify\"><span style=\"line-height: 1.3em\">El Sistema Municipal Para el Desarrollo Integral de la Familia (SMDIF) emprender\u00e1 una campa\u00f1a para valorar pacientes con problemas visuales, por este motivo, se invita a toda la poblaci\u00f3n que tenga una notable disminuci\u00f3n de su capacidad visual o que tenga la sospecha de la existencia de una catarata, a la brigada de valoraci\u00f3n que se llevar\u00e1 a cabo el \u00a0lunes 4 de marzo a partir de las 9 de la ma\u00f1ana en las instalaciones del SMDIF.\u00a0<\/span><\/div>\n<div style=\"text-align: justify\"><\/div>\n<div style=\"text-align: justify\">Esto se realiza en coordinaci\u00f3n con oft\u00e1lmica San Pedro, seg\u00fan lo inform\u00f3 la Directora del Organismo, Cecilia Guinea Corres. A las personas que se les detecten cataratas, si cuentan con afiliaci\u00f3n al Seguro Popular, la operaci\u00f3n incluyendo el costo del lente intraocular ser\u00e1 gratuita y se les podr\u00e1 operar en San Pedro Nuevo Le\u00f3n.\u00a0<\/div>\n<div style=\"text-align: justify\"><\/div>\n<div style=\"text-align: justify\">El DIF Municipal apoyar\u00e1 con el traslado a los pacientes, mientras que la Oftalmol\u00f3gica San Pedro dar\u00e1 albergue y alimentos, as\u00ed como la cirug\u00eda y el lente de forma gratuita. Cecilia Guinea Corres indic\u00f3 que despu\u00e9s de que las personas hayan sido valoradas, lo \u00fanico que se necesita es que est\u00e9n afiliados al seguro popular. La valoraci\u00f3n es el primer paso para emprender una campa\u00f1a de cirug\u00edas, finaliz\u00f3 Guinea Corres.<\/div>\n","protected":false},"excerpt":{"rendered":"<p>&#8211; Se llevar\u00e1 a cabo el 4 de marzo El Sistema Municipal Para el Desarrollo Integral de la Familia (SMDIF) emprender\u00e1 una campa\u00f1a para valorar pacientes con problemas visuales, por este motivo, se invita a toda la poblaci\u00f3n que tenga una notable disminuci\u00f3n de su &hellip; <\/p>\n","protected":false},"author":1,"featured_media":17874,"comment_status":"open","ping_status":"open","sticky":false,"template":"","format":"standard","meta":{"footnotes":""},"categories":[7],"tags":[],"class_list":["post-2806","post","type-post","status-publish","format-standard","has-post-thumbnail","hentry","category-ciudad"],"_links":{"self":[{"href":"https:\/\/amanecerhuasteco.com\/portal\/wp-json\/wp\/v2\/posts\/2806","targetHints":{"allow":["GET"]}}],"collection":[{"href":"https:\/\/amanecerhuasteco.com\/portal\/wp-json\/wp\/v2\/posts"}],"about":[{"href":"https:\/\/amanecerhuasteco.com\/portal\/wp-json\/wp\/v2\/types\/post"}],"author":[{"embeddable":true,"href":"https:\/\/amanecerhuasteco.com\/portal\/wp-json\/wp\/v2\/users\/1"}],"replies":[{"embeddable":true,"href":"https:\/\/amanecerhuasteco.com\/portal\/wp-json\/wp\/v2\/comments?post=2806"}],"version-history":[{"count":0,"href":"https:\/\/amanecerhuasteco.com\/portal\/wp-json\/wp\/v2\/posts\/2806\/revisions"}],"wp:featuredmedia":[{"embeddable":true,"href":"https:\/\/amanecerhuasteco.com\/portal\/wp-json\/wp\/v2\/media\/17874"}],"wp:attachment":[{"href":"https:\/\/amanecerhuasteco.com\/portal\/wp-json\/wp\/v2\/media?parent=2806"}],"wp:term":[{"taxonomy":"category","embeddable":true,"href":"https:\/\/amanecerhuasteco.com\/portal\/wp-json\/wp\/v2\/categories?post=2806"},{"taxonomy":"post_tag","embeddable":true,"href":"https:\/\/amanecerhuasteco.com\/portal\/wp-json\/wp\/v2\/tags?post=2806"}],"curies":[{"name":"wp","href":"https:\/\/api.w.org\/{rel}","templated":true}]}}