{"id":2807,"date":"2013-02-01T14:57:21","date_gmt":"2013-02-01T20:57:21","guid":{"rendered":"http:\/\/amanecerhuasteco.com\/portal\/2013\/02\/01\/capacita-auditoria-superior-del-estado-a-organismos-descentralizados\/"},"modified":"2013-02-01T14:57:21","modified_gmt":"2013-02-01T20:57:21","slug":"capacita-auditoria-superior-del-estado-a-organismos-descentralizados","status":"publish","type":"post","link":"https:\/\/amanecerhuasteco.com\/portal\/capacita-auditoria-superior-del-estado-a-organismos-descentralizados\/","title":{"rendered":"CAPACITA AUDITORIA SUPERIOR DEL ESTADO A ORGANISMOS DESCENTRALIZADOS"},"content":{"rendered":"<div style=\"text-align: justify\"><span style=\"line-height: 1.3em\"><strong>-La Cuenta P\u00fablica deber\u00e1 ser presentada antes del 15 de febrero<\/strong><\/span><\/div>\n<div style=\"text-align: justify\"><span style=\"line-height: 1.3em\">Ciudad Valles S.L.P. 1\/2\/13.- El Sistema Municipal Para el Desarrollo Integral de la Familia (SMDIF) de esta ciudad, junto con otros organismos descentralizados como el INMUVI y la DAPAS, recibieron capacitaci\u00f3n sobre el tiempo y forma en que deber\u00e1 ser presentada la cuenta p\u00fablica.\u00a0<\/span><\/div>\n<div style=\"text-align: justify\">\u00a0 \u00a0 \u00a0Por parte del SMDIF fueron convocados a dicha capacitaci\u00f3n la Directora General del Organismo Cecilia Guinea Corres, la Contralora interna C.P. Sara Esquivel y el Coordinador administrativo de la instituci\u00f3n, C.P. Noel Olvera.<\/div>\n<div style=\"text-align: justify\">\u00a0 \u00a0 \u00a0 \u00a0De acuerdo a la informaci\u00f3n emitida por la Auditor\u00eda Superior del Gobierno del Estado, la cuenta p\u00fablica abarca del 1o de enero al 31 de diciembre del 2012 y deber\u00e1 ser presentada antes del 15 de febrero y aunque la nueva administraci\u00f3n empez\u00f3 en el mes de octubre, deber\u00e1 rendirse la cuenta de todo el a\u00f1o fiscal, aunque despu\u00e9s la Auditor\u00eda detallar\u00e1 responsabilidades administrativas o financieras, seg\u00fan sea el caso, a la administraci\u00f3n correspondiente.\u00a0<\/div>\n<div style=\"text-align: justify\">\u00a0 \u00a0 \u00a0La cuenta p\u00fablica deber\u00eda de presentarse de acuerdo a un nuevo programa emitido por el Consejo Nacional de armonizaci\u00f3n contable CONAC, aunque no todos los municipios y organismos lo tienen. En el caso del SMDIF, Cecilia Guinea Corres se\u00f1al\u00f3 que presentar\u00e1n la cuenta en el programa anterior y en el nuevo, denominado INDETEC, sobre el que ya se encuentran trabajando. Asimismo, se\u00f1al\u00f3 la directora del organismo descentralizado que, el Coordinador Administrativo, junto con personal del \u00e1rea, tomar\u00e1n un curso para el manejo de la armonizaci\u00f3n contable, pues es una obligaci\u00f3n presentar la contabilidad de acuerdo a las indicaciones de la Auditor\u00eda Superior del Gobierno del Estado. En nuestro caso, tenemos un avance muy importante en la cuenta p\u00fablica y confiamos en que esta ser\u00e1 entregada a tiempo, para evitar sanciones, finaliz\u00f3.<\/div>\n","protected":false},"excerpt":{"rendered":"<p>-La Cuenta P\u00fablica deber\u00e1 ser presentada antes del 15 de febrero Ciudad Valles S.L.P. 1\/2\/13.- El Sistema Municipal Para el Desarrollo Integral de la Familia (SMDIF) de esta ciudad, junto con otros organismos descentralizados como el INMUVI y la DAPAS, recibieron capacitaci\u00f3n sobre el tiempo &hellip; <\/p>\n","protected":false},"author":1,"featured_media":17874,"comment_status":"open","ping_status":"open","sticky":false,"template":"","format":"standard","meta":{"footnotes":""},"categories":[5],"tags":[],"class_list":["post-2807","post","type-post","status-publish","format-standard","has-post-thumbnail","hentry","category-politica"],"_links":{"self":[{"href":"https:\/\/amanecerhuasteco.com\/portal\/wp-json\/wp\/v2\/posts\/2807","targetHints":{"allow":["GET"]}}],"collection":[{"href":"https:\/\/amanecerhuasteco.com\/portal\/wp-json\/wp\/v2\/posts"}],"about":[{"href":"https:\/\/amanecerhuasteco.com\/portal\/wp-json\/wp\/v2\/types\/post"}],"author":[{"embeddable":true,"href":"https:\/\/amanecerhuasteco.com\/portal\/wp-json\/wp\/v2\/users\/1"}],"replies":[{"embeddable":true,"href":"https:\/\/amanecerhuasteco.com\/portal\/wp-json\/wp\/v2\/comments?post=2807"}],"version-history":[{"count":0,"href":"https:\/\/amanecerhuasteco.com\/portal\/wp-json\/wp\/v2\/posts\/2807\/revisions"}],"wp:featuredmedia":[{"embeddable":true,"href":"https:\/\/amanecerhuasteco.com\/portal\/wp-json\/wp\/v2\/media\/17874"}],"wp:attachment":[{"href":"https:\/\/amanecerhuasteco.com\/portal\/wp-json\/wp\/v2\/media?parent=2807"}],"wp:term":[{"taxonomy":"category","embeddable":true,"href":"https:\/\/amanecerhuasteco.com\/portal\/wp-json\/wp\/v2\/categories?post=2807"},{"taxonomy":"post_tag","embeddable":true,"href":"https:\/\/amanecerhuasteco.com\/portal\/wp-json\/wp\/v2\/tags?post=2807"}],"curies":[{"name":"wp","href":"https:\/\/api.w.org\/{rel}","templated":true}]}}