{"id":2811,"date":"2013-02-01T20:50:48","date_gmt":"2013-02-02T02:50:48","guid":{"rendered":"http:\/\/amanecerhuasteco.com\/portal\/2013\/02\/01\/gran-respuesta-a-mesas-de-trabajo-en-la-lima-encabezadas-por-el-alcalde\/"},"modified":"2013-02-01T20:50:48","modified_gmt":"2013-02-02T02:50:48","slug":"gran-respuesta-a-mesas-de-trabajo-en-la-lima-encabezadas-por-el-alcalde","status":"publish","type":"post","link":"https:\/\/amanecerhuasteco.com\/portal\/gran-respuesta-a-mesas-de-trabajo-en-la-lima-encabezadas-por-el-alcalde\/","title":{"rendered":"GRAN RESPUESTA A MESAS DE TRABAJO EN LA LIMA, ENCABEZADAS POR EL ALCALDE"},"content":{"rendered":"<div style=\"text-align: justify\"><\/div>\n<div style=\"text-align: justify\"><span style=\"line-height: 1.3em\"><strong>&#8211; Asistieron m\u00e1s de 400 personas de la zona ind\u00edgena<\/strong><\/span><\/div>\n<div style=\"text-align: justify\"><span style=\"line-height: 1.3em\">Ciudad Valles S.L.P. 1\/2\/13.- El Presidente Municipal, \u00a0Juan Jos\u00e9 Ortiz Azuara, encabez\u00f3 la jornada de trabajo de atenci\u00f3n a habitantes de la Zona T\u00e9nek, en donde se instalaron mesas de trabajo a cargo de los Directores de diferentes \u00e1reas de la Administraci\u00f3n Vallense, adem\u00e1s de que se inauguraron los talleres que se imparten en coordinaci\u00f3n con el Instituto de Capacitaci\u00f3n para el Trabajo.<\/span><\/div>\n<div style=\"text-align: justify\">El Jefe de la Comuna Vallense fue recibido por un grupo de aproximadamente 400 personas, habitantes de La Lima, comunidad anfitriona de este evento, as\u00ed como de ejidos y comunidades cercanas, que mostraron y manifestaron su benepl\u00e1cito porque el Mun\u00edcipe se traslad\u00f3 hasta ese lugar para escuchar sus peticiones, seg\u00fan lo expres\u00f3 Eloy P\u00e9rez Hern\u00e1ndez, Comisariado del lugar y la Ni\u00f1a Difusora Alejandra P\u00e9rez P\u00e9rez.<\/div>\n<div style=\"text-align: justify\"><img decoding=\"async\" src=\"images\/stories\/feb13\/mesas3.jpg\" border=\"0\" alt=\"GRAN RESPUESTA A MESAS DE TRABAJO EN LA LIMA, ENCABEZADAS POR EL ALCALDE\" title=\"GRAN RESPUESTA A MESAS DE TRABAJO EN LA LIMA, ENCABEZADAS POR EL ALCALDE\" align=\"right\" \/>El Presidente Municipal reiter\u00f3 ante los presentes que su gobierno sigue siendo de puertas abiertas al igual que en su primera administraci\u00f3n, pero actualmente tiene el plus de trasladarse para mantener acercamientos como ocurri\u00f3 ah\u00ed en La Lima, para enterarse de la problem\u00e1tica junto con sus colaboradores y planear \u00a0la soluci\u00f3n de la misma a lo largo de su trienio, dependiendo de la magnitud y esfera econ\u00f3mica de las peticiones.<\/div>\n<div style=\"text-align: justify\">Comenzaron as\u00ed las mesas de trabajo, siendo las m\u00e1s requeridas, la del Instituto Municipal de la Vivienda, Abasto Popular, 70 y m\u00e1s, Proyectos Productivos y Codesol en sus rubros de piso firme y estufas ecol\u00f3gicas, adem\u00e1s de que se instal\u00f3 tambi\u00e9n la de Gesti\u00f3n y Desarrollo Municipal, Atenci\u00f3n a la Ciudadan\u00eda, al Campo, de Atenci\u00f3n a Personas Discapacitadas, a Adultos Mayores, Desarrollo Comunitario, Desarrollo Econ\u00f3mico, Asuntos Ind\u00edgenas, Educaci\u00f3n y Polic\u00eda y Tr\u00e1nsito Municipal.<\/div>\n<div style=\"text-align: justify\">De la misma forma el Lic. Ortiz Azuara, en presencia de la C.P. Laura L\u00e1rraga Lizcano, Directora de la Unidad Huehuetl\u00e1n del Instituto de Capacitaci\u00f3n para el Trabajo, as\u00ed como de la titular de Expresi\u00f3n Art\u00edstica y Cultura, Lic. Lucila Coronado Nieto, inaugur\u00f3 los Talleres que se imparten del 21 de enero al 22 de marzo en la zona ind\u00edgena y son de Elaboraci\u00f3n de Prendas para Dama y Ni\u00f1a, Bordado en Manta, Corte de Pelo y Peinado, Pintura al \u00d3leo, Carpinter\u00eda B\u00e1sica, Primeros Auxilios, Computaci\u00f3n B\u00e1sica y Computaci\u00f3n Intermedia.<\/div>\n<div style=\"text-align: justify\">De esta forma concluy\u00f3 el primer acercamiento con habitantes de la Zona T\u00e9nek, en donde cada titular de \u00e1rea recopil\u00f3 las demandas ciudadanas, y el Presidente se reuni\u00f3 con Comisariados, Jueces Auxiliares y dirigentes de las comunidades, para analizar a fondo la problem\u00e1tica general y adoptar las medidas m\u00e1s urgentes que se requieren para mejorar la calidad de vida de las familias.<\/div>\n<div style=\"text-align: justify\"><img decoding=\"async\" src=\"images\/stories\/feb13\/mesas2.jpg\" border=\"0\" alt=\"GRAN RESPUESTA A MESAS DE TRABAJO EN LA LIMA, ENCABEZADAS POR EL ALCALDE\" title=\"GRAN RESPUESTA A MESAS DE TRABAJO EN LA LIMA, ENCABEZADAS POR EL ALCALDE\" \/> <\/div>\n","protected":false},"excerpt":{"rendered":"<p>&#8211; Asistieron m\u00e1s de 400 personas de la zona ind\u00edgena Ciudad Valles S.L.P. 1\/2\/13.- El Presidente Municipal, \u00a0Juan Jos\u00e9 Ortiz Azuara, encabez\u00f3 la jornada de trabajo de atenci\u00f3n a habitantes de la Zona T\u00e9nek, en donde se instalaron mesas de trabajo a cargo de los &hellip; <\/p>\n","protected":false},"author":1,"featured_media":2810,"comment_status":"open","ping_status":"open","sticky":false,"template":"","format":"standard","meta":{"footnotes":""},"categories":[7],"tags":[],"class_list":["post-2811","post","type-post","status-publish","format-standard","has-post-thumbnail","hentry","category-ciudad"],"_links":{"self":[{"href":"https:\/\/amanecerhuasteco.com\/portal\/wp-json\/wp\/v2\/posts\/2811","targetHints":{"allow":["GET"]}}],"collection":[{"href":"https:\/\/amanecerhuasteco.com\/portal\/wp-json\/wp\/v2\/posts"}],"about":[{"href":"https:\/\/amanecerhuasteco.com\/portal\/wp-json\/wp\/v2\/types\/post"}],"author":[{"embeddable":true,"href":"https:\/\/amanecerhuasteco.com\/portal\/wp-json\/wp\/v2\/users\/1"}],"replies":[{"embeddable":true,"href":"https:\/\/amanecerhuasteco.com\/portal\/wp-json\/wp\/v2\/comments?post=2811"}],"version-history":[{"count":0,"href":"https:\/\/amanecerhuasteco.com\/portal\/wp-json\/wp\/v2\/posts\/2811\/revisions"}],"wp:featuredmedia":[{"embeddable":true,"href":"https:\/\/amanecerhuasteco.com\/portal\/wp-json\/wp\/v2\/media\/2810"}],"wp:attachment":[{"href":"https:\/\/amanecerhuasteco.com\/portal\/wp-json\/wp\/v2\/media?parent=2811"}],"wp:term":[{"taxonomy":"category","embeddable":true,"href":"https:\/\/amanecerhuasteco.com\/portal\/wp-json\/wp\/v2\/categories?post=2811"},{"taxonomy":"post_tag","embeddable":true,"href":"https:\/\/amanecerhuasteco.com\/portal\/wp-json\/wp\/v2\/tags?post=2811"}],"curies":[{"name":"wp","href":"https:\/\/api.w.org\/{rel}","templated":true}]}}