{"id":2813,"date":"2013-02-01T20:51:47","date_gmt":"2013-02-02T02:51:47","guid":{"rendered":"http:\/\/amanecerhuasteco.com\/portal\/2013\/02\/01\/ucd-logra-libre-circulacion-de-unidades-americanas-en-mexico-hasta-modelo-2008\/"},"modified":"2013-02-01T20:51:47","modified_gmt":"2013-02-02T02:51:47","slug":"ucd-logra-libre-circulacion-de-unidades-americanas-en-mexico-hasta-modelo-2008","status":"publish","type":"post","link":"https:\/\/amanecerhuasteco.com\/portal\/ucd-logra-libre-circulacion-de-unidades-americanas-en-mexico-hasta-modelo-2008\/","title":{"rendered":"UCD LOGRA LIBRE CIRCULACION DE UNIDADES AMERICANAS EN MEXICO HASTA MODELO 2008"},"content":{"rendered":"<div style=\"text-align: justify\"><span style=\"line-height: 1.3em\"><strong>-Firman acuerdos con el Secretario de Gobernaci\u00f3n Federal<\/strong><\/span><\/div>\n<div style=\"text-align: justify\"><span style=\"line-height: 1.3em\">San Luis Potos\u00ed 1\/2\/13.- \u00c1ngel Altamirano Garc\u00eda Coordinador Estatal de la Uni\u00f3n Campesina Democr\u00e1tica, anunci\u00f3 que ser\u00e1 hasta el mes de Enero del 2014 cuando se emita un decreto para regularizar miles de autos de procedencia extranjera en poder de campesinos seg\u00fan los acuerdos firmado con el Secretario de Gobernaci\u00f3n \u00a0Federal, Miguel \u00c1ngel Osorio Chong.<\/span><\/div>\n<div style=\"text-align: justify\">\u00a0 \u00a0 En entrevista con Amanecer Huasteco, dijo que luego de las movilizaciones nacionales para manifestar inconformidad por las extorsiones de eran victimas poseedores de autos de procedencia extranjera y exigir se emita un decreto para regularizar las unidades en M\u00e9xico, se tomaron acuerdos entre el dirigente nacional de la UCD Jos\u00e9 Dur\u00e1n Vera y el titular de SEGOB Miguel \u00c1ngel Osorio Chong.<\/div>\n<div style=\"text-align: justify\">\u00a0 \u00a0 \u00a0Entre esos acuerdos destaca la libre circulaci\u00f3n a unidades hasta modelo 2008 y anteriores por territorio nacional en este a\u00f1o, mientras tanto se trabajara en la integraci\u00f3n de un \u201cpadr\u00f3n\u201d de veh\u00edculos de procedencia extranjera que est\u00e1n en el pa\u00eds y en el mes de Enero de 2014 se emita el decreto para regularizar los veh\u00edculos.<\/div>\n<div style=\"text-align: justify\">\u00a0 \u00a0 \u00a0El acuerdo se hizo el pasado 21 de enero \u00a0en la ciudad de M\u00e9xico con dirigentes estatales de la UCD de todo el pa\u00eds, lo cual evitara que los poseedores de autos americanos dejen de ser victimas de extorsiones y abusos de parte de corporaciones polic\u00edacas en especial de la Polic\u00eda Federal Preventiva.<\/div>\n<div style=\"text-align: justify\">\u00a0 \u00a0 \u00a0Altamirano Garc\u00eda, indic\u00f3 que elementos de la PFP deben respetar los acuerdos nacionales para que permitan libre circulaci\u00f3n a autos americanos hasta modelo 2008 y anteriores, por lo que se espera que el secretario de Gobernaci\u00f3n Federal \u00a0extienda los acuerdos a las corporaciones policiacas para que los respeten.<\/div>\n","protected":false},"excerpt":{"rendered":"<p>-Firman acuerdos con el Secretario de Gobernaci\u00f3n Federal San Luis Potos\u00ed 1\/2\/13.- \u00c1ngel Altamirano Garc\u00eda Coordinador Estatal de la Uni\u00f3n Campesina Democr\u00e1tica, anunci\u00f3 que ser\u00e1 hasta el mes de Enero del 2014 cuando se emita un decreto para regularizar miles de autos de procedencia extranjera &hellip; <\/p>\n","protected":false},"author":1,"featured_media":2812,"comment_status":"open","ping_status":"open","sticky":false,"template":"","format":"standard","meta":{"footnotes":""},"categories":[4],"tags":[],"class_list":["post-2813","post","type-post","status-publish","format-standard","has-post-thumbnail","hentry","category-inicio"],"_links":{"self":[{"href":"https:\/\/amanecerhuasteco.com\/portal\/wp-json\/wp\/v2\/posts\/2813","targetHints":{"allow":["GET"]}}],"collection":[{"href":"https:\/\/amanecerhuasteco.com\/portal\/wp-json\/wp\/v2\/posts"}],"about":[{"href":"https:\/\/amanecerhuasteco.com\/portal\/wp-json\/wp\/v2\/types\/post"}],"author":[{"embeddable":true,"href":"https:\/\/amanecerhuasteco.com\/portal\/wp-json\/wp\/v2\/users\/1"}],"replies":[{"embeddable":true,"href":"https:\/\/amanecerhuasteco.com\/portal\/wp-json\/wp\/v2\/comments?post=2813"}],"version-history":[{"count":0,"href":"https:\/\/amanecerhuasteco.com\/portal\/wp-json\/wp\/v2\/posts\/2813\/revisions"}],"wp:featuredmedia":[{"embeddable":true,"href":"https:\/\/amanecerhuasteco.com\/portal\/wp-json\/wp\/v2\/media\/2812"}],"wp:attachment":[{"href":"https:\/\/amanecerhuasteco.com\/portal\/wp-json\/wp\/v2\/media?parent=2813"}],"wp:term":[{"taxonomy":"category","embeddable":true,"href":"https:\/\/amanecerhuasteco.com\/portal\/wp-json\/wp\/v2\/categories?post=2813"},{"taxonomy":"post_tag","embeddable":true,"href":"https:\/\/amanecerhuasteco.com\/portal\/wp-json\/wp\/v2\/tags?post=2813"}],"curies":[{"name":"wp","href":"https:\/\/api.w.org\/{rel}","templated":true}]}}