{"id":2815,"date":"2013-02-02T18:43:59","date_gmt":"2013-02-03T00:43:59","guid":{"rendered":"http:\/\/amanecerhuasteco.com\/portal\/2013\/02\/02\/presentan-plan-municipal-de-desarrollo-que-elaboro-la-misma-administracion\/"},"modified":"2013-02-02T18:43:59","modified_gmt":"2013-02-03T00:43:59","slug":"presentan-plan-municipal-de-desarrollo-que-elaboro-la-misma-administracion","status":"publish","type":"post","link":"https:\/\/amanecerhuasteco.com\/portal\/presentan-plan-municipal-de-desarrollo-que-elaboro-la-misma-administracion\/","title":{"rendered":"PRESENTAN PLAN MUNICIPAL DE DESARROLLO QUE ELABORO LA MISMA ADMINISTRACION"},"content":{"rendered":"<div style=\"text-align: justify\">\u00a0<\/div>\n<div style=\"text-align: justify\"><strong><span style=\"line-height: 1.3em\">&#8211;\u00a0<\/span><span style=\"line-height: 1.3em\">Plantea un Gobierno Incluyente, Sustentable, Sostenible, Seguro y un Valles Gobernable<\/span><\/strong><\/div>\n<div style=\"text-align: justify\"><span style=\"line-height: 1.3em\">Ciudad Valles S.L.P. 2\/1\/13.- El Plan Municipal de Desarrollo de la Administraci\u00f3n 2012-2015, fue presentado la ma\u00f1ana de este viernes en el Sal\u00f3n de Cabildo Municipal, \u00a0en un evento presidio por el Secretario del Ayuntamiento, Gilberto Almend\u00e1rez Mar\u00edn, y el \u00a0Secretario T\u00e9cnico, Ing. Jos\u00e9 de Jes\u00fas Salazar Hern\u00e1ndez, en presencia de \u00a0funcionarios, regidores y medios de comunicaci\u00f3n.<\/span><\/div>\n<div style=\"text-align: justify\">\u00a0 \u00a0 \u00a0 El \u00a0Plan de Desarrollo Municipal es un documento que contiene los ejes o directrices \u00a0con los que esta administraci\u00f3n va a llevar a cabo su gobierno y en el cual se conjuntan todas las necesidades levantadas directamente en cada una de las colonias y ejidos del municipio de Ciudad Valles, a trav\u00e9s de 5 foros \u00a0 y 9 m\u00f3dulos de participaci\u00f3n ciudadana en los lugares de mayor concurrencia a la cabecera; a los que se convoc\u00f3 a toda la ciudadan\u00eda, cumpliendo as\u00ed con la Ley de Planeaci\u00f3n del Estado y Municipios de S.L.P. y con la misma Ley Org\u00e1nica del Municipio Libre.<\/div>\n<div style=\"text-align: justify\">\u00a0 \u00a0 \u00a0 \u00a0 La ciudadan\u00eda se hizo presente con 2,978 demandas y peticiones entre las que destacaron la pavimentaci\u00f3n de calles que forma parte del rubro de infraestructura social b\u00e1sica con un 20.96%, alumbrado con un \u00a017.37%, agua potable 12.49%, recolecci\u00f3n de basura 12.45%, drenaje y alcantarillado 9.63%, dispensarios m\u00e9dicos 7.27%, parques y jardines 5.50%, tr\u00e1nsito y vialidad 4.52% y seguridad p\u00fablica 1.34%.<\/div>\n<div style=\"text-align: justify\">\u00a0 \u00a0 \u00a0 Los ejes que \u00a0rigen el Plan de Desarrollo Municipal son el Equitativo: Pol\u00edtica Social y Combate a la Pobreza; Sostenible: Econom\u00eda Competitiva y Generadora de Empleos; Sustentable para el Desarrollo Municipal; un Valles con Seguridad y Justicia; y por \u00faltimo, un Valles Gobernable: un Gobierno Eficiente, Transparente, Honesto y Austero.<\/div>\n<div style=\"text-align: justify\">\u00a0 \u00a0 \u00a0 \u00a0Resalt\u00f3 que con esta orientaci\u00f3n, el Plan de Desarrollo busca crear un v\u00ednculo \u00a0 entre el gobierno y los habitantes de los municipios, siendo incluyente y facilitador para una mejor calidad de vida de la poblaci\u00f3n, garantizando el respeto a los derechos humanos, estimulando el crecimiento en armon\u00eda con el medio ambiente, \u00a0promoviendo el beneficio al municipio en su conjunto y en pleno apego a la legalidad.<\/div>\n<div style=\"text-align: justify\">\u00a0 \u00a0 \u00a0 El Regidor Humberto Garc\u00eda Rocha, \u00a0 resalt\u00f3 la unidad y esfuerzo con la que se trabaja actualmente en esta administraci\u00f3n, as\u00ed como tambi\u00e9n el hecho de que \u00a0el \u00a0Plan se haya elaborado por el mismo municipio, puesto que \u00a0anteriormente se contrataba a despachos particulares que lo elaboraban tras un escritorio, sin conocer la problem\u00e1tica que le afecta a la ciudadan\u00eda; sin embargo, ahora con este Plan Operativo \u00a0se tienen ya las directrices a seguir, que seguramente habr\u00e1 cosas que corregir, pero se avanzar\u00e1 con rumbo fijo y con la seguridad de que se trabajar\u00e1 en lo que la poblaci\u00f3n demanda.<\/div>\n<div style=\"text-align: justify\">El Secretario del Ayuntamiento, Lic. Gilberto Almendarez Mar\u00edn, afirm\u00f3 que este \u00a0plan es el sustento de las actividades que desarrollara el municipio, valorando que fue creado \u00a0con la participaci\u00f3n de la ciudadan\u00eda en torno a sus planteamientos y puntos de soluci\u00f3n que fueron asesorados por las personas que est\u00e1n al frente de la diversas dependencias involucradas, como es el caso de la seguridad en el municipio que fue una de las inquietudes que plante\u00f3 la ciudadan\u00eda , y en la que estuvieron presentes los representantes de todas las corporaciones polic\u00edacas.<\/div>\n<div style=\"text-align: justify\">El Plan Municipal de Desarrollo, concluy\u00f3, es un verdadero proceso democr\u00e1tico en el que se cont\u00f3 con \u00a0la participaci\u00f3n de la ciudadan\u00eda en el planteamiento de los problemas \u00a0y las soluciones a la problem\u00e1tica que les afecta.<\/div>\n<div style=\"text-align: justify\"><\/div>\n","protected":false},"excerpt":{"rendered":"<p>\u00a0 &#8211;\u00a0Plantea un Gobierno Incluyente, Sustentable, Sostenible, Seguro y un Valles Gobernable Ciudad Valles S.L.P. 2\/1\/13.- El Plan Municipal de Desarrollo de la Administraci\u00f3n 2012-2015, fue presentado la ma\u00f1ana de este viernes en el Sal\u00f3n de Cabildo Municipal, \u00a0en un evento presidio por el Secretario &hellip; <\/p>\n","protected":false},"author":1,"featured_media":2814,"comment_status":"open","ping_status":"open","sticky":false,"template":"","format":"standard","meta":{"footnotes":""},"categories":[7],"tags":[],"class_list":["post-2815","post","type-post","status-publish","format-standard","has-post-thumbnail","hentry","category-ciudad"],"_links":{"self":[{"href":"https:\/\/amanecerhuasteco.com\/portal\/wp-json\/wp\/v2\/posts\/2815","targetHints":{"allow":["GET"]}}],"collection":[{"href":"https:\/\/amanecerhuasteco.com\/portal\/wp-json\/wp\/v2\/posts"}],"about":[{"href":"https:\/\/amanecerhuasteco.com\/portal\/wp-json\/wp\/v2\/types\/post"}],"author":[{"embeddable":true,"href":"https:\/\/amanecerhuasteco.com\/portal\/wp-json\/wp\/v2\/users\/1"}],"replies":[{"embeddable":true,"href":"https:\/\/amanecerhuasteco.com\/portal\/wp-json\/wp\/v2\/comments?post=2815"}],"version-history":[{"count":0,"href":"https:\/\/amanecerhuasteco.com\/portal\/wp-json\/wp\/v2\/posts\/2815\/revisions"}],"wp:featuredmedia":[{"embeddable":true,"href":"https:\/\/amanecerhuasteco.com\/portal\/wp-json\/wp\/v2\/media\/2814"}],"wp:attachment":[{"href":"https:\/\/amanecerhuasteco.com\/portal\/wp-json\/wp\/v2\/media?parent=2815"}],"wp:term":[{"taxonomy":"category","embeddable":true,"href":"https:\/\/amanecerhuasteco.com\/portal\/wp-json\/wp\/v2\/categories?post=2815"},{"taxonomy":"post_tag","embeddable":true,"href":"https:\/\/amanecerhuasteco.com\/portal\/wp-json\/wp\/v2\/tags?post=2815"}],"curies":[{"name":"wp","href":"https:\/\/api.w.org\/{rel}","templated":true}]}}