{"id":2817,"date":"2013-02-02T18:44:48","date_gmt":"2013-02-03T00:44:48","guid":{"rendered":"http:\/\/amanecerhuasteco.com\/portal\/2013\/02\/02\/inaugura-alcalde-techado-de-cancha-civica-en-la-narciso-mendoza\/"},"modified":"2013-02-02T18:44:48","modified_gmt":"2013-02-03T00:44:48","slug":"inaugura-alcalde-techado-de-cancha-civica-en-la-narciso-mendoza","status":"publish","type":"post","link":"https:\/\/amanecerhuasteco.com\/portal\/inaugura-alcalde-techado-de-cancha-civica-en-la-narciso-mendoza\/","title":{"rendered":"INAUGURA ALCALDE TECHADO DE CANCHA CIVICA EN LA  NARCISO MENDOZA"},"content":{"rendered":"<div style=\"text-align: justify\">\u00a0<\/div>\n<div style=\"text-align: justify\"><strong><span style=\"line-height: 1.3em\">&#8211;\u00a0<\/span><span style=\"line-height: 1.3em\">Inversi\u00f3n de 264,984 pesos<\/span><\/strong><\/div>\n<div style=\"text-align: justify\"><span style=\"line-height: 1.3em\">Ciudad Valles 2\/1\/13.- El \u00a0Presidente Municipal, \u00a0Juan Jos\u00e9 Ortiz Azuara, entreg\u00f3 la ma\u00f1ana de este viernes el techado de la \u00a0cancha de la Escuela Primaria \u00a8Narciso Mendoza\u00a8, que representa una inversi\u00f3n de 264 mil 984 pesos \u00a0y beneficia actualmente a 454 alumnos de los turnos matutino y vespertino, el cual se \u00a0mantendr\u00e1 para muchas futuras generaciones.<\/span><\/div>\n<div style=\"text-align: justify\">\u00a0 \u00a0 \u00a0La alumna Esmeralda Zumaya Mart\u00ednez, fue quien dio la bienvenida \u00a0al Alcalde y su comitiva, integrada por funcionarios y autoridades educativas, a quienes les agradeci\u00f3 el apoyo para concluir esta obra \u00a0en la que se cont\u00f3 con el decidido apoyo de los padres de familia, por lo que exhort\u00f3 a sus compa\u00f1eros a \u00a0conducirse con m\u00e1s calidad en las aulas, conducirse con respeto y responsabilidad, para sumarse as\u00ed a este esfuerzo encaminado a una educaci\u00f3n de calidad, para concluir afirmado que \u201clas grandes obras se construyen con peque\u00f1as acciones, voluntad, trabajo y motivaci\u00f3n\u201d.<\/div>\n<p><img decoding=\"async\" src=\"images\/stories\/feb13\/techado2.jpg\" border=\"0\" alt=\"INAUGURA ALCALDE TECHADO DE CANCHA CIVICA EN LA  NARCISO MENDOZA \" title=\"INAUGURA ALCALDE TECHADO DE CANCHA CIVICA EN LA  NARCISO MENDOZA \" align=\"right\" \/><\/p>\n<div style=\"text-align: justify\">\u00a0 \u00a0 \u00a0En presencia de los Directores de los turnos matutino y vespertino, Ma. De Jes\u00fas Vencer Guerrero y Alfonso L\u00f3pez Cortes, respectivamente, el Profr. Tirso Pozos Pozos, Inspector de la Zona 14 del Sistema Educativo Estatal Regular, \u00a0agradeci\u00f3 tambi\u00e9n al Lic. Ortiz Azuara este apoyo al que la secci\u00f3n 52 del SNTE se sum\u00f3 con \u00a0100 mil pesos para acciones diversas en la escuela, en tanto que padres de familia y alumnos \u00a0se \u00a0 esforzaron uniendo esfuerzos con el Gobierno Municipal que se caracteriza por conocer y entender las necesidades de la ciudadan\u00eda, al mismo tiempo que anuncio que esta instituci\u00f3n educativa super\u00f3 los par\u00e1metros de la prueba Enlace a nivel nacional.<\/div>\n<div style=\"text-align: justify\">Al hacer uso de la palabra, el Presidente Juan Jos\u00e9 Ortiz Azuara, felicit\u00f3 a este plantel por sus logros, en los que se encuentra tambi\u00e9n el 2do. lugar en el concurso de escoltas; y retom\u00f3 las palabras de la alumna que le dio la bienvenida, porque dijo el estudio es parte de nuestra vida, el respeto que queramos para nosotros es el mismo que debemos de \u00a0dar a quienes nos rodean y la responsabilidad debe estar siempre en lo que hacemos.<\/div>\n<div style=\"text-align: justify\">Hizo referencia a que hoy se le solicita la construcci\u00f3n de una bodega, la rehabilitaci\u00f3n de los sanitarios, \u00a0la construcci\u00f3n de comedores y la rehabilitaci\u00f3n de piso por lo cual pidi\u00f3 se presente todo ello ante la Coordinaci\u00f3n de Desarrollo Social para avanzar en la medida de lo posible en el plan de \u00a0trabajo.<\/div>\n<div style=\"text-align: justify\">\u00a0 \u00a0Reiter\u00f3 que al igual que en su administraci\u00f3n pasada, su gobierno le sigue apostando a la educaci\u00f3n \u00a0y a las fuentes de trabajo para Valles.<\/div>\n","protected":false},"excerpt":{"rendered":"<p>\u00a0 &#8211;\u00a0Inversi\u00f3n de 264,984 pesos Ciudad Valles 2\/1\/13.- El \u00a0Presidente Municipal, \u00a0Juan Jos\u00e9 Ortiz Azuara, entreg\u00f3 la ma\u00f1ana de este viernes el techado de la \u00a0cancha de la Escuela Primaria \u00a8Narciso Mendoza\u00a8, que representa una inversi\u00f3n de 264 mil 984 pesos \u00a0y beneficia actualmente a &hellip; <\/p>\n","protected":false},"author":1,"featured_media":2816,"comment_status":"open","ping_status":"open","sticky":false,"template":"","format":"standard","meta":{"footnotes":""},"categories":[7],"tags":[],"class_list":["post-2817","post","type-post","status-publish","format-standard","has-post-thumbnail","hentry","category-ciudad"],"_links":{"self":[{"href":"https:\/\/amanecerhuasteco.com\/portal\/wp-json\/wp\/v2\/posts\/2817","targetHints":{"allow":["GET"]}}],"collection":[{"href":"https:\/\/amanecerhuasteco.com\/portal\/wp-json\/wp\/v2\/posts"}],"about":[{"href":"https:\/\/amanecerhuasteco.com\/portal\/wp-json\/wp\/v2\/types\/post"}],"author":[{"embeddable":true,"href":"https:\/\/amanecerhuasteco.com\/portal\/wp-json\/wp\/v2\/users\/1"}],"replies":[{"embeddable":true,"href":"https:\/\/amanecerhuasteco.com\/portal\/wp-json\/wp\/v2\/comments?post=2817"}],"version-history":[{"count":0,"href":"https:\/\/amanecerhuasteco.com\/portal\/wp-json\/wp\/v2\/posts\/2817\/revisions"}],"wp:featuredmedia":[{"embeddable":true,"href":"https:\/\/amanecerhuasteco.com\/portal\/wp-json\/wp\/v2\/media\/2816"}],"wp:attachment":[{"href":"https:\/\/amanecerhuasteco.com\/portal\/wp-json\/wp\/v2\/media?parent=2817"}],"wp:term":[{"taxonomy":"category","embeddable":true,"href":"https:\/\/amanecerhuasteco.com\/portal\/wp-json\/wp\/v2\/categories?post=2817"},{"taxonomy":"post_tag","embeddable":true,"href":"https:\/\/amanecerhuasteco.com\/portal\/wp-json\/wp\/v2\/tags?post=2817"}],"curies":[{"name":"wp","href":"https:\/\/api.w.org\/{rel}","templated":true}]}}