{"id":2819,"date":"2013-02-05T19:16:09","date_gmt":"2013-02-06T01:16:09","guid":{"rendered":"http:\/\/amanecerhuasteco.com\/portal\/2013\/02\/05\/arzobispo-aplaude-proyecto-a-favor-de-migrantes-que-cedh-realiza-con-union-europea\/"},"modified":"2013-02-05T19:16:09","modified_gmt":"2013-02-06T01:16:09","slug":"arzobispo-aplaude-proyecto-a-favor-de-migrantes-que-cedh-realiza-con-union-europea","status":"publish","type":"post","link":"https:\/\/amanecerhuasteco.com\/portal\/arzobispo-aplaude-proyecto-a-favor-de-migrantes-que-cedh-realiza-con-union-europea\/","title":{"rendered":"ARZOBISPO APLAUDE PROYECTO A FAVOR DE MIGRANTES QUE CEDH REALIZA CON UNI\u00d3N EUROPEA"},"content":{"rendered":"<div style=\"text-align: justify\"><strong><span style=\"line-height: 1.3em\">&#8211;\u00a0<\/span><span style=\"line-height: 1.3em\">C\u00e1ritas y el organismo defensor de los derechos humanos realizan labores en conjunto a favor de personas migrantes.<\/span><\/strong><\/div>\n<div style=\"text-align: justify\"><span style=\"line-height: 1.3em\">San Luis Potos\u00ed 4\/2\/13.- \u201cTrabajar a favor de los migrantes y sus derechos ayudar\u00e1 a San Luis Potos\u00ed y a M\u00e9xico a que como sociedad nos volvamos m\u00e1s humanos\u201d, dijo Jes\u00fas Carlos Cabrero Romero, Arzobispo potosino, luego de conocer el plan de trabajo a favor de ese sector de la poblaci\u00f3n que realiza la Comisi\u00f3n Estatal de Derechos Humanos con apoyo de la Uni\u00f3n Europea.<\/span><\/div>\n<div style=\"text-align: justify\"><\/div>\n<div style=\"text-align: justify\">El proyecto le fue presentado en una reuni\u00f3n de trabajo a la que asistieron adem\u00e1s Dar\u00edo Pedroza Mart\u00ednez, vocero del arzobispado; Rub\u00e9n P\u00e9rez Ortiz, Director de la Casa de la Caridad-Hogar del Migrante; Jos\u00e9 \u00c1ngel Mor\u00e1n Portales, Presidente de la CEDH y Marc D\u00e1vila Harris, Director de Educaci\u00f3n y Capacitaci\u00f3n de este organismo.<\/div>\n<div style=\"text-align: justify\"><\/div>\n<div style=\"text-align: justify\">En el encuentro Jes\u00fas Carlos Cabrero reiter\u00f3 el compromiso de Pastoral Social para dar techo y cobijo a las personas migrantes, a trav\u00e9s de la Casa de la Caridad, aunque reconoci\u00f3 que falta mucho para lograr que quienes viajan en busca de mejores condiciones sociales puedan tambi\u00e9n disfrutar de todos sus derechos.<\/div>\n<div style=\"text-align: justify\"><\/div>\n<div style=\"text-align: justify\">Por ello reiter\u00f3 que el trabajo a favor de las personas migrantes a largo plazo deber\u00e1 repercutir en una sociedad m\u00e1s humana, donde se garanticen los derechos elementales y en el futuro tambi\u00e9n los derechos democr\u00e1ticas de todos.<\/div>\n<div style=\"text-align: justify\"><\/div>\n<div style=\"text-align: justify\">Durante la reuni\u00f3n se explic\u00f3 a las autoridades eclesi\u00e1sticas que el trabajo est\u00e1 proyectado realizarse a los largo de dos a\u00f1os, con acciones a nivel local en Guatemala, Honduras, El Salvador y los estados de Chiapas, Estado de M\u00e9xico, Distrito Federal, San Luis Potos\u00ed y Coahuila.<\/div>\n<div style=\"text-align: justify\"><\/div>\n<div style=\"text-align: justify\">Por sus caracter\u00edsticas de impacto regional en el continente y la suma de esfuerzos de organismos defensores de los derechos humanos de las entidades involucradas, este proyecto es el m\u00e1s ambicioso del que se tenga registro en el continente americano.<\/div>\n<div style=\"text-align: justify\"><\/div>\n<div style=\"text-align: justify\">Adem\u00e1s se le expuso al Arzobispo Jos\u00e9 Carlos Cabrero Romero que en diagn\u00f3sticos previos al dise\u00f1o del proyecto avalado por la Uni\u00f3n Europea, la Comisi\u00f3n Estatal de Derechos Humanos detect\u00f3 diversas localidades en territorio potosino donde personas migrantes sufren abusos como robos, detenciones arbitrarias y hasta tortura, as\u00ed como diversos abusos a manos tambi\u00e9n de vigilantes privados.<\/div>\n<div style=\"text-align: justify\"><\/div>\n<div style=\"text-align: justify\">Tales riesgos que enfrentan las personas migrantes fue documentado por la CEDH en la recomendaci\u00f3n general 02 del a\u00f1o 2011, fecha en que se solicit\u00f3 a autoridades estatales dise\u00f1ar una \u201cestrategia migratoria al interior de la Direcci\u00f3n General de Seguridad P\u00fablica del Estado, capaz de erradicar la violaci\u00f3n sistem\u00e1tica a los derechos humanos de las personas en situaci\u00f3n de migraci\u00f3n, especialmente detenciones arbitrarias, tortura y otros tratos o penas crueles inhumanos y degradantes\u201d.<\/div>\n<div style=\"text-align: justify\"><\/div>\n<div style=\"text-align: justify\">El proyecto en que participa la CEDH tiene metas a dos a\u00f1os, ahora se encuentra en proceso de selecci\u00f3n de quienes habr\u00e1n de participar en \u00e9l y peri\u00f3dicamente se estar\u00e1n evaluando los avances en cada uno de los pa\u00edses y estados participantes.<\/div>\n<div style=\"text-align: justify\"><\/div>\n<div style=\"text-align: justify\"><\/div>\n<div style=\"text-align: justify\">&#8212;<\/div>\n<div style=\"text-align: justify\"><\/div>\n","protected":false},"excerpt":{"rendered":"<p>&#8211;\u00a0C\u00e1ritas y el organismo defensor de los derechos humanos realizan labores en conjunto a favor de personas migrantes. San Luis Potos\u00ed 4\/2\/13.- \u201cTrabajar a favor de los migrantes y sus derechos ayudar\u00e1 a San Luis Potos\u00ed y a M\u00e9xico a que como sociedad nos volvamos &hellip; <\/p>\n","protected":false},"author":1,"featured_media":17874,"comment_status":"open","ping_status":"open","sticky":false,"template":"","format":"standard","meta":{"footnotes":""},"categories":[4],"tags":[],"class_list":["post-2819","post","type-post","status-publish","format-standard","has-post-thumbnail","hentry","category-inicio"],"_links":{"self":[{"href":"https:\/\/amanecerhuasteco.com\/portal\/wp-json\/wp\/v2\/posts\/2819","targetHints":{"allow":["GET"]}}],"collection":[{"href":"https:\/\/amanecerhuasteco.com\/portal\/wp-json\/wp\/v2\/posts"}],"about":[{"href":"https:\/\/amanecerhuasteco.com\/portal\/wp-json\/wp\/v2\/types\/post"}],"author":[{"embeddable":true,"href":"https:\/\/amanecerhuasteco.com\/portal\/wp-json\/wp\/v2\/users\/1"}],"replies":[{"embeddable":true,"href":"https:\/\/amanecerhuasteco.com\/portal\/wp-json\/wp\/v2\/comments?post=2819"}],"version-history":[{"count":0,"href":"https:\/\/amanecerhuasteco.com\/portal\/wp-json\/wp\/v2\/posts\/2819\/revisions"}],"wp:featuredmedia":[{"embeddable":true,"href":"https:\/\/amanecerhuasteco.com\/portal\/wp-json\/wp\/v2\/media\/17874"}],"wp:attachment":[{"href":"https:\/\/amanecerhuasteco.com\/portal\/wp-json\/wp\/v2\/media?parent=2819"}],"wp:term":[{"taxonomy":"category","embeddable":true,"href":"https:\/\/amanecerhuasteco.com\/portal\/wp-json\/wp\/v2\/categories?post=2819"},{"taxonomy":"post_tag","embeddable":true,"href":"https:\/\/amanecerhuasteco.com\/portal\/wp-json\/wp\/v2\/tags?post=2819"}],"curies":[{"name":"wp","href":"https:\/\/api.w.org\/{rel}","templated":true}]}}