{"id":2830,"date":"2013-02-05T21:03:03","date_gmt":"2013-02-06T03:03:03","guid":{"rendered":"http:\/\/amanecerhuasteco.com\/portal\/2013\/02\/05\/conmemoran-96-aniversario-de-la-promulgacion-de-las-constituciones-de-1857-y-1917\/"},"modified":"2013-02-05T21:03:03","modified_gmt":"2013-02-06T03:03:03","slug":"conmemoran-96-aniversario-de-la-promulgacion-de-las-constituciones-de-1857-y-1917","status":"publish","type":"post","link":"https:\/\/amanecerhuasteco.com\/portal\/conmemoran-96-aniversario-de-la-promulgacion-de-las-constituciones-de-1857-y-1917\/","title":{"rendered":"CONMEMORAN  96 ANIVERSARIO DE LA PROMULGACION DE  LAS CONSTITUCIONES de 1857 y 1917"},"content":{"rendered":"<div align=\"justify\">Ciudad Valles 5\/2\/13.- La explanada de la Plaza Principal fue el escenario de un emotivo acto c\u00edvico, con motivo del 96 Aniversario de la Promulgaci\u00f3n de las Constituciones de 1857 y 1917, evento presidido por el Secretario del Ayuntamiento,\u00a0 Gilberto Almend\u00e1rez Mar\u00edn, en representaci\u00f3n del Alcalde\u00a0 Juan Jos\u00e9 Ortiz Azuara.<br \/>\u00a0\u00a0\u00a0\u00a0 El evento estuvo organizado\u00a0 por el\u00a0 Ayuntamiento, el 36 Batall\u00f3n de Infanter\u00eda, la URSE Huasteca Norte, el Sistema Educativo Estatal Regular y la Escuela Primaria \u00a8Constituyentes de 1857 y 1917\u00a8, as\u00ed como otros planteles educativos; coloc\u00e1ndose ofrenda floral\u00a0 y mont\u00e1ndose guardia de honor en memoria de los Constituyentes, adem\u00e1s de contar con la participaci\u00f3n de alumnos del mismo plantel con poes\u00edas, piezas de oratoria, y desde luego los honores a los s\u00edmbolos patrios.<br \/>\u00a0\u00a0\u00a0\u00a0\u00a0 En este acto, el Secretario del Ayuntamiento hizo una rese\u00f1a de c\u00f3mo se promulg\u00f3 nuestra Constituci\u00f3n actual que plasma los ideales revolucionarios con un marcado contenido social que establece un gobierno para todos, sin distinci\u00f3n de raza, credo religioso, y\/o condici\u00f3n pol\u00edtica o social;\u00a0 que reconoce las garant\u00edas individuales y los derechos sociales, adem\u00e1s de que entre otras cosas,\u00a0 se cre\u00f3 el municipio libre\u00a0 y se\u00a0 estableci\u00f3 el ordenamiento agrario relativo a la propiedad de la tierra. En s\u00ed rige y regula actividades diarias de nuestras autoridades, le da libertades al ciudadano, pero tambi\u00e9n le impone obligaciones y prerrogativas.<br \/>\u00a0\u00a0\u00a0 Por ello dijo, que como ciudadanos y como autoridades no debemos preguntarnos si nuestros actos son los adecuados, sino cumplir y hacer cumplir\u00a0 lo que la constituci\u00f3n establece, cerrar las puertas a quien no se ajuste a esas disposiciones.<br \/>\u00a0\u00a0\u00a0\u00a0\u00a0 Expres\u00f3 que la\u00a0 Carta Magna no es solamente un ordenamiento jur\u00eddico, es el conjunto de valores que nos rigen diariamente, que ilumina el futuro de nuestro pa\u00eds para lograr la verdadera convivencia y armon\u00eda, buscando la libertad, la democracia y la justicia social, y para concluir mencion\u00f3 \u201chagamos un verdadero compromiso, la Constituci\u00f3n es nuestro pasado, es nuestro presente, y es el futuro que se encuentra en nuestras propias voluntades.<\/div>\n<div align=\"justify\"><img decoding=\"async\" src=\"images\/stories\/feb13\/civico2.jpg\" border=\"0\" alt=\"CONMEMORAN  96 ANIVERSARIO DE LA PROMULGACION DE  LAS CONSTITUCIONES de 1857 y 1917\" title=\"CONMEMORAN  96 ANIVERSARIO DE LA PROMULGACION DE  LAS CONSTITUCIONES de 1857 y 1917\" \/> <\/div>\n","protected":false},"excerpt":{"rendered":"<p>Ciudad Valles 5\/2\/13.- La explanada de la Plaza Principal fue el escenario de un emotivo acto c\u00edvico, con motivo del 96 Aniversario de la Promulgaci\u00f3n de las Constituciones de 1857 y 1917, evento presidido por el Secretario del Ayuntamiento,\u00a0 Gilberto Almend\u00e1rez Mar\u00edn, en representaci\u00f3n del &hellip; <\/p>\n","protected":false},"author":1,"featured_media":2829,"comment_status":"open","ping_status":"open","sticky":false,"template":"","format":"standard","meta":{"footnotes":""},"categories":[7],"tags":[],"class_list":["post-2830","post","type-post","status-publish","format-standard","has-post-thumbnail","hentry","category-ciudad"],"_links":{"self":[{"href":"https:\/\/amanecerhuasteco.com\/portal\/wp-json\/wp\/v2\/posts\/2830","targetHints":{"allow":["GET"]}}],"collection":[{"href":"https:\/\/amanecerhuasteco.com\/portal\/wp-json\/wp\/v2\/posts"}],"about":[{"href":"https:\/\/amanecerhuasteco.com\/portal\/wp-json\/wp\/v2\/types\/post"}],"author":[{"embeddable":true,"href":"https:\/\/amanecerhuasteco.com\/portal\/wp-json\/wp\/v2\/users\/1"}],"replies":[{"embeddable":true,"href":"https:\/\/amanecerhuasteco.com\/portal\/wp-json\/wp\/v2\/comments?post=2830"}],"version-history":[{"count":0,"href":"https:\/\/amanecerhuasteco.com\/portal\/wp-json\/wp\/v2\/posts\/2830\/revisions"}],"wp:featuredmedia":[{"embeddable":true,"href":"https:\/\/amanecerhuasteco.com\/portal\/wp-json\/wp\/v2\/media\/2829"}],"wp:attachment":[{"href":"https:\/\/amanecerhuasteco.com\/portal\/wp-json\/wp\/v2\/media?parent=2830"}],"wp:term":[{"taxonomy":"category","embeddable":true,"href":"https:\/\/amanecerhuasteco.com\/portal\/wp-json\/wp\/v2\/categories?post=2830"},{"taxonomy":"post_tag","embeddable":true,"href":"https:\/\/amanecerhuasteco.com\/portal\/wp-json\/wp\/v2\/tags?post=2830"}],"curies":[{"name":"wp","href":"https:\/\/api.w.org\/{rel}","templated":true}]}}