{"id":2836,"date":"2013-02-06T15:52:42","date_gmt":"2013-02-06T21:52:42","guid":{"rendered":"http:\/\/amanecerhuasteco.com\/portal\/2013\/02\/06\/en-marcha-operativo-estudiante-seguro-por-parte-de-la-dspytm\/"},"modified":"2013-02-06T15:52:42","modified_gmt":"2013-02-06T21:52:42","slug":"en-marcha-operativo-estudiante-seguro-por-parte-de-la-dspytm","status":"publish","type":"post","link":"https:\/\/amanecerhuasteco.com\/portal\/en-marcha-operativo-estudiante-seguro-por-parte-de-la-dspytm\/","title":{"rendered":"EN MARCHA OPERATIVO \u201cESTUDIANTE SEGURO\u201d POR PARTE DE LA DSPYTM"},"content":{"rendered":"<\/p>\n<p><strong>&#8211; En\u00a0 escuelas de mayor riesgo<br \/><\/strong>Ciudad Valles S.L.P 6\/2\/13.- El Director de Seguridad P\u00fablica y Tr\u00e1nsito Municipal, Capit\u00e1n Oscar Manuel Ch\u00e1vez Mart\u00ednez, dio a conocer\u00a0 que\u00a0 a partir del viernes primero de febrero se implement\u00f3 en la localidad el operativo \u201cEstudiante Seguro\u201d, encaminado a proteger a\u00a0 los estudiantes de j\u00f3venes que deambulan por los planteles molestando a las\u00a0 adolescentes o en actitudes pandilleriles.<br \/>Indic\u00f3 que el operativo se comenz\u00f3 el mismo viernes en la Secundaria Federal N\u00fam. 3, atendiendo la solicitud de la direcci\u00f3n y padres de familias de la instituci\u00f3n educativa, por lo que elementos, a bordo de patrullas, lograron la detenci\u00f3n de 2 j\u00f3venes que posteriormente fueron entregados a sus padres con la indicaci\u00f3n de que modifiquen sus conductas para bien de ellos mismos.<br \/>El titular de la corporaci\u00f3n municipal explic\u00f3 que\u00a0 se trata de detectar a aquellos j\u00f3venes que sin necesidad alguna deambulan por los planteles, principalmente a la hora de salida del turno vespertino, con\u00a0 el fin de evitar agredan a los estudiantes, de tal modo que son llevados a las instalaciones de la misma Polic\u00eda Municipal\u00a0 en donde se manda llamar a sus padres.<br \/>Reiter\u00f3 que\u00a0 este operativo continuar\u00e1 de manera permanente en las aulas educativas de la localidad, sin previo aviso, por lo que hizo un llamado a los padres de familia para que est\u00e9n al pendiente de sus hijos y eviten que cuando salgan de clases se trasladen a otras escuelas o de lo contrario\u00a0 pueden ser detenidos.<\/p>\n","protected":false},"excerpt":{"rendered":"<p>&#8211; En\u00a0 escuelas de mayor riesgoCiudad Valles S.L.P 6\/2\/13.- El Director de Seguridad P\u00fablica y Tr\u00e1nsito Municipal, Capit\u00e1n Oscar Manuel Ch\u00e1vez Mart\u00ednez, dio a conocer\u00a0 que\u00a0 a partir del viernes primero de febrero se implement\u00f3 en la localidad el operativo \u201cEstudiante Seguro\u201d, encaminado a proteger &hellip; <\/p>\n","protected":false},"author":1,"featured_media":2835,"comment_status":"open","ping_status":"open","sticky":false,"template":"","format":"standard","meta":{"footnotes":""},"categories":[4],"tags":[],"class_list":["post-2836","post","type-post","status-publish","format-standard","has-post-thumbnail","hentry","category-inicio"],"_links":{"self":[{"href":"https:\/\/amanecerhuasteco.com\/portal\/wp-json\/wp\/v2\/posts\/2836","targetHints":{"allow":["GET"]}}],"collection":[{"href":"https:\/\/amanecerhuasteco.com\/portal\/wp-json\/wp\/v2\/posts"}],"about":[{"href":"https:\/\/amanecerhuasteco.com\/portal\/wp-json\/wp\/v2\/types\/post"}],"author":[{"embeddable":true,"href":"https:\/\/amanecerhuasteco.com\/portal\/wp-json\/wp\/v2\/users\/1"}],"replies":[{"embeddable":true,"href":"https:\/\/amanecerhuasteco.com\/portal\/wp-json\/wp\/v2\/comments?post=2836"}],"version-history":[{"count":0,"href":"https:\/\/amanecerhuasteco.com\/portal\/wp-json\/wp\/v2\/posts\/2836\/revisions"}],"wp:featuredmedia":[{"embeddable":true,"href":"https:\/\/amanecerhuasteco.com\/portal\/wp-json\/wp\/v2\/media\/2835"}],"wp:attachment":[{"href":"https:\/\/amanecerhuasteco.com\/portal\/wp-json\/wp\/v2\/media?parent=2836"}],"wp:term":[{"taxonomy":"category","embeddable":true,"href":"https:\/\/amanecerhuasteco.com\/portal\/wp-json\/wp\/v2\/categories?post=2836"},{"taxonomy":"post_tag","embeddable":true,"href":"https:\/\/amanecerhuasteco.com\/portal\/wp-json\/wp\/v2\/tags?post=2836"}],"curies":[{"name":"wp","href":"https:\/\/api.w.org\/{rel}","templated":true}]}}