{"id":2838,"date":"2013-02-06T16:05:11","date_gmt":"2013-02-06T22:05:11","guid":{"rendered":"http:\/\/amanecerhuasteco.com\/portal\/2013\/02\/06\/inauguran-el-techado-de-la-cancha-de-usos-multiples-en-el-cobach-34\/"},"modified":"2013-02-06T16:05:11","modified_gmt":"2013-02-06T22:05:11","slug":"inauguran-el-techado-de-la-cancha-de-usos-multiples-en-el-cobach-34","status":"publish","type":"post","link":"https:\/\/amanecerhuasteco.com\/portal\/inauguran-el-techado-de-la-cancha-de-usos-multiples-en-el-cobach-34\/","title":{"rendered":"INAUGURAN EL TECHADO DE LA CANCHA DE USOS MULTIPLES EN EL COBACH 34"},"content":{"rendered":"<p align=\"justify\">\n<p align=\"justify\"><strong>&#8211; Con una inversi\u00f3n de 460,301 pesos<\/strong><br \/>Ciudad Valles 6\/2\/13.- En representaci\u00f3n del Alcalde, Juan Jos\u00e9 Ortiz Azuara, el Secretario del Ayuntamiento Gilberto Almed\u00e1rez\u00a0 Mar\u00edn,\u00a0 inaugur\u00f3 el techado de la cancha del Colegio de Bachilleres n\u00famero 34, de la Delegaci\u00f3n El Pujal, mismo que representa una inversi\u00f3n de 460 mil pesos y consta de 608 metros cuadrados.<br \/>La obra beneficia directamente a\u00a0 m\u00e1s de 400 alumnos\u00a0 de este plantel, e indirectamente a muchas futuras generaciones, por lo que fue agradecida por el Director del Plantel, C.P. Edgar David Hern\u00e1ndez Melgarejo, quien agradeci\u00f3 el apoyo del Gobierno Municipal\u00a0 por apoyar\u00a0 acciones\u00a0 como esta que hoy despu\u00e9s de 3 a\u00f1os se cristaliza, adem\u00e1s de que hizo la invitaci\u00f3n para que el jefe de la comuna Vallense\u00a0 apadrine a los 102 estudiantes que est\u00e1 pr\u00f3ximos a egresar al t\u00e9rmino del presente ciclo escolar .<br \/>A nombre de los alumnos y padres de familia,\u00a0 Laura Alicia Medina Lucero, alumna del plantel, agradeci\u00f3 a la administraci\u00f3n municipal\u00a0 el sue\u00f1o que hoy culminan gracias a su apoyo y al esfuerzo de padres de familia y maestros, y que les\u00a0 permitir\u00e1\u00a0 realizar sus actividades con mejores resultados, sobre todo en la temporada de elevadas temperaturas. <br \/>Por su parte,\u00a0 Domingo Viramontes Reyna,\u00a0 Coordinador de Zona y Representante del Director General de Sistema Cobach,\u00a0 M\u00f3nico Jim\u00e9nez Medina, reconoci\u00f3 el esfuerzo y el trabajo que se ve reflejado en el techado de esta cancha, por lo que manifest\u00f3 la necesidad de seguir impulsando programas para lograr el crecimiento en infraestructura que eleva la calidad de la educaci\u00f3n que se imparte en los sistemas Cobach, adem\u00e1s de que exhort\u00f3 a los alumnos a hacer buen uso de esta obra.<br \/>En su mensaje,\u00a0 Almend\u00e1rez Mar\u00edn, dijo que en el marco del D\u00eda de la Constituci\u00f3n, lo que aconteci\u00f3 en el Cobach 34 es un ejemplo de Derecho Constitucionalista, porque es un derecho a la educaci\u00f3n y a la libertad de reuni\u00f3n, por citar algunos.<br \/>Agreg\u00f3 que lo que parece ser s\u00f3lo una estructura\u00a0 impone muchas condiciones favorables para los estudiantes, que es un beneficio colectivo de gran importancia porque se convierte en un lugar donde los j\u00f3venes\u00a0 encaminar\u00e1n sus energ\u00edas positivamente, practicando el deporte.<\/p>\n","protected":false},"excerpt":{"rendered":"<p>&#8211; Con una inversi\u00f3n de 460,301 pesosCiudad Valles 6\/2\/13.- En representaci\u00f3n del Alcalde, Juan Jos\u00e9 Ortiz Azuara, el Secretario del Ayuntamiento Gilberto Almed\u00e1rez\u00a0 Mar\u00edn,\u00a0 inaugur\u00f3 el techado de la cancha del Colegio de Bachilleres n\u00famero 34, de la Delegaci\u00f3n El Pujal, mismo que representa una &hellip; <\/p>\n","protected":false},"author":1,"featured_media":2837,"comment_status":"open","ping_status":"open","sticky":false,"template":"","format":"standard","meta":{"footnotes":""},"categories":[7],"tags":[],"class_list":["post-2838","post","type-post","status-publish","format-standard","has-post-thumbnail","hentry","category-ciudad"],"_links":{"self":[{"href":"https:\/\/amanecerhuasteco.com\/portal\/wp-json\/wp\/v2\/posts\/2838","targetHints":{"allow":["GET"]}}],"collection":[{"href":"https:\/\/amanecerhuasteco.com\/portal\/wp-json\/wp\/v2\/posts"}],"about":[{"href":"https:\/\/amanecerhuasteco.com\/portal\/wp-json\/wp\/v2\/types\/post"}],"author":[{"embeddable":true,"href":"https:\/\/amanecerhuasteco.com\/portal\/wp-json\/wp\/v2\/users\/1"}],"replies":[{"embeddable":true,"href":"https:\/\/amanecerhuasteco.com\/portal\/wp-json\/wp\/v2\/comments?post=2838"}],"version-history":[{"count":0,"href":"https:\/\/amanecerhuasteco.com\/portal\/wp-json\/wp\/v2\/posts\/2838\/revisions"}],"wp:featuredmedia":[{"embeddable":true,"href":"https:\/\/amanecerhuasteco.com\/portal\/wp-json\/wp\/v2\/media\/2837"}],"wp:attachment":[{"href":"https:\/\/amanecerhuasteco.com\/portal\/wp-json\/wp\/v2\/media?parent=2838"}],"wp:term":[{"taxonomy":"category","embeddable":true,"href":"https:\/\/amanecerhuasteco.com\/portal\/wp-json\/wp\/v2\/categories?post=2838"},{"taxonomy":"post_tag","embeddable":true,"href":"https:\/\/amanecerhuasteco.com\/portal\/wp-json\/wp\/v2\/tags?post=2838"}],"curies":[{"name":"wp","href":"https:\/\/api.w.org\/{rel}","templated":true}]}}