{"id":2843,"date":"2013-02-06T16:29:49","date_gmt":"2013-02-06T22:29:49","guid":{"rendered":"http:\/\/amanecerhuasteco.com\/portal\/2013\/02\/06\/cabildo-y-codesol-dan-visto-bueno-al-proyecto-del-libramiento-norte-de-tamuin\/"},"modified":"2013-02-06T16:29:49","modified_gmt":"2013-02-06T22:29:49","slug":"cabildo-y-codesol-dan-visto-bueno-al-proyecto-del-libramiento-norte-de-tamuin","status":"publish","type":"post","link":"https:\/\/amanecerhuasteco.com\/portal\/cabildo-y-codesol-dan-visto-bueno-al-proyecto-del-libramiento-norte-de-tamuin\/","title":{"rendered":"CABILDO Y CODESOL DAN VISTO BUENO AL PROYECTO DEL LIBRAMIENTO NORTE DE TAMUIN"},"content":{"rendered":"<div align=\"justify\"><strong>-La solicitara la colaboraci\u00f3n de la Iniciativa Privada para construirlo<\/strong><br \/>Tamuin S.L.P.- Pedro Pablo Hern\u00e1ndez de la Vega Coordinador de Desarrollo Social inform\u00f3 que se presento el proyecto del \u201cLibramiento Norte\u201d a los consejeros y los integrantes del cabildo para su aprobaci\u00f3n.<br \/>Considero que se trata de una obra sumamente necesaria para el desarrollo de este municipio, ya que al mismo tiempo proteger\u00e1 a cientos de familias de colonias populares de las inundaciones en temporada de lluvias al contar con un colector paralelo.<br \/>\u00a0\u00a0\u00a0\u00a0\u00a0\u00a0 Hern\u00e1ndez de la Vega, explic\u00f3 que se hizo el proyecto, se hicieron presupuestos y los estudios respectivos, una vez aprobado por consejeros de desarrollo social y los regidores del cabildo, el alcalde Santiago Ledezma Cano gestionara ante diferentes instancias los recursos para su ejecuci\u00f3n dentro del periodo de esta administraci\u00f3n, para ello se tocaran puertas en todos los niveles de gobierno incluso de la Iniciativa Privada.<br \/>\u00a0\u00a0 Agrego que el trazo del proyecto del \u201cLibramiento Norte de Tamuin\u201d inicia en el bordo norte a la altura del Infonavit en el lugar conocido como el Mezquite, por todo el bordo norte pasando por detr\u00e1s de la empacadora y conect\u00e1ndose en la carretera Valles-Tampico a un kil\u00f3metro de la b\u00e1scula.<br \/>\u00a0\u00a0\u00a0\u00a0 Luego de revisar el proyecto en forma minuciosa hubo preguntas y respuestas tanto de consejeros como regidores a quienes se les dio respuesta y aclararon dudas, siendo finalmente aprobado y ahora corresponder\u00e1 al alcalde gestionar los recursos en las instancias federales, estatales, municipales y de la iniciativa privada.<br \/>\u00a0\u00a0\u00a0\u00a0 El funcionario destac\u00f3 que el Presidente Municipal ha mostrado una gran madurez pol\u00edtica y\u00a0 ha logrado integrar un buen equipo de trabajo junto con los regidores lo que permitir\u00e1 que el municipio de Tamuin se encamine al desarrollo porque un pueblo sin infraestructura no puede crecer enfatiz\u00f3.<\/div>\n","protected":false},"excerpt":{"rendered":"<p>-La solicitara la colaboraci\u00f3n de la Iniciativa Privada para construirloTamuin S.L.P.- Pedro Pablo Hern\u00e1ndez de la Vega Coordinador de Desarrollo Social inform\u00f3 que se presento el proyecto del \u201cLibramiento Norte\u201d a los consejeros y los integrantes del cabildo para su aprobaci\u00f3n.Considero que se trata de &hellip; <\/p>\n","protected":false},"author":1,"featured_media":2842,"comment_status":"open","ping_status":"open","sticky":false,"template":"","format":"standard","meta":{"footnotes":""},"categories":[20],"tags":[],"class_list":["post-2843","post","type-post","status-publish","format-standard","has-post-thumbnail","hentry","category-tamuin"],"_links":{"self":[{"href":"https:\/\/amanecerhuasteco.com\/portal\/wp-json\/wp\/v2\/posts\/2843","targetHints":{"allow":["GET"]}}],"collection":[{"href":"https:\/\/amanecerhuasteco.com\/portal\/wp-json\/wp\/v2\/posts"}],"about":[{"href":"https:\/\/amanecerhuasteco.com\/portal\/wp-json\/wp\/v2\/types\/post"}],"author":[{"embeddable":true,"href":"https:\/\/amanecerhuasteco.com\/portal\/wp-json\/wp\/v2\/users\/1"}],"replies":[{"embeddable":true,"href":"https:\/\/amanecerhuasteco.com\/portal\/wp-json\/wp\/v2\/comments?post=2843"}],"version-history":[{"count":0,"href":"https:\/\/amanecerhuasteco.com\/portal\/wp-json\/wp\/v2\/posts\/2843\/revisions"}],"wp:featuredmedia":[{"embeddable":true,"href":"https:\/\/amanecerhuasteco.com\/portal\/wp-json\/wp\/v2\/media\/2842"}],"wp:attachment":[{"href":"https:\/\/amanecerhuasteco.com\/portal\/wp-json\/wp\/v2\/media?parent=2843"}],"wp:term":[{"taxonomy":"category","embeddable":true,"href":"https:\/\/amanecerhuasteco.com\/portal\/wp-json\/wp\/v2\/categories?post=2843"},{"taxonomy":"post_tag","embeddable":true,"href":"https:\/\/amanecerhuasteco.com\/portal\/wp-json\/wp\/v2\/tags?post=2843"}],"curies":[{"name":"wp","href":"https:\/\/api.w.org\/{rel}","templated":true}]}}