{"id":2853,"date":"2013-02-08T20:27:20","date_gmt":"2013-02-09T02:27:20","guid":{"rendered":"http:\/\/amanecerhuasteco.com\/portal\/2013\/02\/08\/entregaran-apoyos-economicos-del-programa-70-y-mas\/"},"modified":"2013-02-08T20:27:20","modified_gmt":"2013-02-09T02:27:20","slug":"entregaran-apoyos-economicos-del-programa-70-y-mas","status":"publish","type":"post","link":"https:\/\/amanecerhuasteco.com\/portal\/entregaran-apoyos-economicos-del-programa-70-y-mas\/","title":{"rendered":"ENTREGARAN APOYOS ECONOMICOS DEL PROGRAMA 70 Y MAS"},"content":{"rendered":"<div><span style=\"line-height: 1.3em\"><strong>-Ya no ser\u00e1 en los terrenos de la feria<\/strong><\/span><\/div>\n<div><span style=\"line-height: 1.3em\">Ciudad Valles S.L.P. 8\/2\/13.- La responsable del Programa de Enlace 70 y M\u00e1s, Profesora \u00a0Mar\u00eda Teresa Galicia, dio a conocer \u00a0que \u00a0a partir del pr\u00f3ximo 13 de febrero \u00a0se llevar\u00e1 a cabo la entrega de apoyos econ\u00f3micos \u00a0del programa 70 y M\u00e1s, misma que en los ejidos y comunidades se efectuar\u00e1 en los lugares de \u00a0costumbre, en tanto que en \u00a0la zona urbana ya no ser\u00e1 en los terrenos de la feria, sino en el Sal\u00f3n Sindical de los Trabajadores del Municipio.<\/span><\/div>\n<div>Agreg\u00f3 que conforme a la calendarizaci\u00f3n el 13 de febrero estar\u00e1n en Laguna del Mante, el 14 en el Ejido La Hincada, en 15 en la Delegaci\u00f3n de Rasc\u00f3n, el 16 en el Ejido Rancho Nuevo, el 18 en San Antonio Huichimal, el 19 y 20 en la Delegaci\u00f3n de Pujal; en tanto que en la zona urbana de Ciudad Valles ser\u00e1 \u00a0el 21, 22, 25 y 26 del mes en curso.<\/div>\n<div>Resalt\u00f3 que en Ciudad Valles por el momento no habr\u00e1 entrega de recursos econ\u00f3micos, pero los beneficiarios del programa 70 y M\u00e1s deber\u00e1n asistir a la capacitaci\u00f3n que ordinariamente se les brinda y que es requisito indispensable para mantenerse en el programa.<\/div>\n","protected":false},"excerpt":{"rendered":"<p>-Ya no ser\u00e1 en los terrenos de la feria Ciudad Valles S.L.P. 8\/2\/13.- La responsable del Programa de Enlace 70 y M\u00e1s, Profesora \u00a0Mar\u00eda Teresa Galicia, dio a conocer \u00a0que \u00a0a partir del pr\u00f3ximo 13 de febrero \u00a0se llevar\u00e1 a cabo la entrega de apoyos &hellip; <\/p>\n","protected":false},"author":1,"featured_media":17874,"comment_status":"open","ping_status":"open","sticky":false,"template":"","format":"standard","meta":{"footnotes":""},"categories":[7],"tags":[],"class_list":["post-2853","post","type-post","status-publish","format-standard","has-post-thumbnail","hentry","category-ciudad"],"_links":{"self":[{"href":"https:\/\/amanecerhuasteco.com\/portal\/wp-json\/wp\/v2\/posts\/2853","targetHints":{"allow":["GET"]}}],"collection":[{"href":"https:\/\/amanecerhuasteco.com\/portal\/wp-json\/wp\/v2\/posts"}],"about":[{"href":"https:\/\/amanecerhuasteco.com\/portal\/wp-json\/wp\/v2\/types\/post"}],"author":[{"embeddable":true,"href":"https:\/\/amanecerhuasteco.com\/portal\/wp-json\/wp\/v2\/users\/1"}],"replies":[{"embeddable":true,"href":"https:\/\/amanecerhuasteco.com\/portal\/wp-json\/wp\/v2\/comments?post=2853"}],"version-history":[{"count":0,"href":"https:\/\/amanecerhuasteco.com\/portal\/wp-json\/wp\/v2\/posts\/2853\/revisions"}],"wp:featuredmedia":[{"embeddable":true,"href":"https:\/\/amanecerhuasteco.com\/portal\/wp-json\/wp\/v2\/media\/17874"}],"wp:attachment":[{"href":"https:\/\/amanecerhuasteco.com\/portal\/wp-json\/wp\/v2\/media?parent=2853"}],"wp:term":[{"taxonomy":"category","embeddable":true,"href":"https:\/\/amanecerhuasteco.com\/portal\/wp-json\/wp\/v2\/categories?post=2853"},{"taxonomy":"post_tag","embeddable":true,"href":"https:\/\/amanecerhuasteco.com\/portal\/wp-json\/wp\/v2\/tags?post=2853"}],"curies":[{"name":"wp","href":"https:\/\/api.w.org\/{rel}","templated":true}]}}