{"id":2855,"date":"2013-02-08T21:16:30","date_gmt":"2013-02-09T03:16:30","guid":{"rendered":"http:\/\/amanecerhuasteco.com\/portal\/2013\/02\/08\/camiones-con-exceso-de-dimensiones-deja-sin-servicio-telefonico-y-luz-electrica-a-familias\/"},"modified":"2013-02-08T21:16:30","modified_gmt":"2013-02-09T03:16:30","slug":"camiones-con-exceso-de-dimensiones-deja-sin-servicio-telefonico-y-luz-electrica-a-familias","status":"publish","type":"post","link":"https:\/\/amanecerhuasteco.com\/portal\/camiones-con-exceso-de-dimensiones-deja-sin-servicio-telefonico-y-luz-electrica-a-familias\/","title":{"rendered":"CAMIONES CON EXCESO DE DIMENSIONES DEJA SIN SERVICIO TELEFONICO Y LUZ ELECTRICA A FAMILIAS"},"content":{"rendered":"<div align=\"justify\"><\/div>\n<div align=\"justify\"><strong>-Causa la molestia de habitantes de la zona centro que hasta bloquearon el paso de un cami\u00f3n ca\u00f1ero<br \/><\/strong>Tamuin S.L.P. 8\/2\/13.- Ciudadano decide personalmente detener el paso de camiones ca\u00f1eros que causan da\u00f1os a conexiones el\u00e9ctricas y telef\u00f3nicas, poniendo el ejemplo a elementos de transito municipal que permiten el libre transito de unidades con exceso de dimensiones.<br \/><img decoding=\"async\" src=\"images\/stories\/feb13\/camion2.jpg\" border=\"0\" alt=\"CAMIONES CON EXCESO DE DIMENSIONES DEJA SIN SERVICIO TELEFONICO Y LUZ ELECTRICA A FAMILIAS\" title=\"CAMIONES CON EXCESO DE DIMENSIONES DEJA SIN SERVICIO TELEFONICO Y LUZ ELECTRICA A FAMILIAS\" align=\"right\" \/>\u00a0\u00a0\u00a0\u00a0 Luego de da\u00f1os causados a las conexiones el\u00e9ctricas y telef\u00f3nicas por el paso de camiones ca\u00f1eros que traen sobrecarga, ayer un nuevo incidente causo que los propios afectados decidieran bloquear el paso de camiones ca\u00f1eros hasta que la polic\u00eda haga su trabajo correctamente y coloque un filtro a la entrada del pueblo.<br \/>\u00a0\u00a0\u00a0 Habitantes del primer cuadro de la zona centro lo que comprende la Avenida Pedro Antonio Santos demandaron a las autoridades municipales inicie operativos en contra de camioneros con exceso de cargas y dimensiones que pasan por esta carretera ya que diariamente causan da\u00f1os a las l\u00edneas de electricidad, telef\u00f3nicas y hasta los sem\u00e1foros.<br \/>\u00a0\u00a0\u00a0\u00a0\u00a0\u00a0 Indicaron que los primeros incidentes ocurrieron el pasado lunes 4 de febrero, cuando comenzaron a pasar camiones ca\u00f1eros cargados dem\u00e1s y que superaban los 5 metros que transitan con rumbo al Ingenio el Higo, reventando l\u00edneas telef\u00f3nicas afectando a una docena de familias.<br \/>\u00a0\u00a0\u00a0\u00a0 Este jueves a las 11: 00 horas de nueva cuenta un cami\u00f3n ca\u00f1ero con exceso de carga, revent\u00f3 l\u00edneas el\u00e9ctricas y telef\u00f3nicas frente a la Plaza Principal causando un congestionamiento vial que causo el malestar de automovilistas pero en especial de habitantes del sector.<br \/>\u00a0\u00a0\u00a0\u00a0\u00a0 Jos\u00e9 Mar\u00eda de la Vega, vecino de la zona centro, bloqueo el paso de un cami\u00f3n ca\u00f1ero y exigi\u00f3 a elementos de la polic\u00eda municipal implemente operativos a la entrada del municipio de Tamuin para evitar este tipo de incidentes que en su caso particular lo mantienen sin servicio telef\u00f3nico desde el pasado lunes y el responsable tambi\u00e9n fue un cami\u00f3n ca\u00f1ero.<br \/>\u00a0\u00a0\u00a0 Exhorto a la polic\u00eda y transito municipal para que eviten el pasado de camiones que\u00a0 destruyan las conexiones de luz, tel\u00e9fono, Internet de los hogares y propuso colocar un control en las entradas al pueblo ya que la altura permitida es de 4 metros con 20 cent\u00edmetros.<\/div>\n<div align=\"justify\"><img decoding=\"async\" src=\"images\/stories\/feb13\/chema.jpg\" border=\"0\" alt=\"CAMIONES CON EXCESO DE DIMENSIONES DEJA SIN SERVICIO TELEFONICO Y LUZ ELECTRICA A FAMILIAS\" title=\"CAMIONES CON EXCESO DE DIMENSIONES DEJA SIN SERVICIO TELEFONICO Y LUZ ELECTRICA A FAMILIAS\" \/><\/div>\n","protected":false},"excerpt":{"rendered":"<p>-Causa la molestia de habitantes de la zona centro que hasta bloquearon el paso de un cami\u00f3n ca\u00f1eroTamuin S.L.P. 8\/2\/13.- Ciudadano decide personalmente detener el paso de camiones ca\u00f1eros que causan da\u00f1os a conexiones el\u00e9ctricas y telef\u00f3nicas, poniendo el ejemplo a elementos de transito municipal &hellip; <\/p>\n","protected":false},"author":1,"featured_media":2854,"comment_status":"open","ping_status":"open","sticky":false,"template":"","format":"standard","meta":{"footnotes":""},"categories":[20],"tags":[],"class_list":["post-2855","post","type-post","status-publish","format-standard","has-post-thumbnail","hentry","category-tamuin"],"_links":{"self":[{"href":"https:\/\/amanecerhuasteco.com\/portal\/wp-json\/wp\/v2\/posts\/2855","targetHints":{"allow":["GET"]}}],"collection":[{"href":"https:\/\/amanecerhuasteco.com\/portal\/wp-json\/wp\/v2\/posts"}],"about":[{"href":"https:\/\/amanecerhuasteco.com\/portal\/wp-json\/wp\/v2\/types\/post"}],"author":[{"embeddable":true,"href":"https:\/\/amanecerhuasteco.com\/portal\/wp-json\/wp\/v2\/users\/1"}],"replies":[{"embeddable":true,"href":"https:\/\/amanecerhuasteco.com\/portal\/wp-json\/wp\/v2\/comments?post=2855"}],"version-history":[{"count":0,"href":"https:\/\/amanecerhuasteco.com\/portal\/wp-json\/wp\/v2\/posts\/2855\/revisions"}],"wp:featuredmedia":[{"embeddable":true,"href":"https:\/\/amanecerhuasteco.com\/portal\/wp-json\/wp\/v2\/media\/2854"}],"wp:attachment":[{"href":"https:\/\/amanecerhuasteco.com\/portal\/wp-json\/wp\/v2\/media?parent=2855"}],"wp:term":[{"taxonomy":"category","embeddable":true,"href":"https:\/\/amanecerhuasteco.com\/portal\/wp-json\/wp\/v2\/categories?post=2855"},{"taxonomy":"post_tag","embeddable":true,"href":"https:\/\/amanecerhuasteco.com\/portal\/wp-json\/wp\/v2\/tags?post=2855"}],"curies":[{"name":"wp","href":"https:\/\/api.w.org\/{rel}","templated":true}]}}