{"id":2859,"date":"2013-02-08T21:21:32","date_gmt":"2013-02-09T03:21:32","guid":{"rendered":"http:\/\/amanecerhuasteco.com\/portal\/2013\/02\/08\/entrega-municipio-dotacion-de-uniformes-a-policias-municipales\/"},"modified":"2013-02-08T21:21:32","modified_gmt":"2013-02-09T03:21:32","slug":"entrega-municipio-dotacion-de-uniformes-a-policias-municipales","status":"publish","type":"post","link":"https:\/\/amanecerhuasteco.com\/portal\/entrega-municipio-dotacion-de-uniformes-a-policias-municipales\/","title":{"rendered":"ENTREGA MUNICIPIO DOTACION DE UNIFORMES A POLICIAS MUNICIPALES"},"content":{"rendered":"<\/p>\n<p><strong>&#8211; Esta ma\u00f1ana en las instalaciones de la Corporaci\u00f3n<br \/><\/strong><\/p>\n<div align=\"justify\">Ciudad Valles S.L.P. 8\/2\/13.- El Secretario del Ayuntamiento Municipal,\u00a0 Gilberto Almend\u00e1rez Mar\u00edn,\u00a0 en representaci\u00f3n\u00a0 del Alcalde Juan Jos\u00e9 Ortiz Azuara, entreg\u00f3\u00a0 la ma\u00f1ana de este jueves de manera simb\u00f3lica, la dotaci\u00f3n de uniformes a los Agentes de la Direcci\u00f3n de Seguridad\u00a0 P\u00fablica y Tr\u00e1nsito Municipal.<br \/>\u00a0\u00a0\u00a0 En un acto celebrado, en presencia de su Director, Oscar Manuel Ch\u00e1vez Mart\u00ednez y que tuvo como marco el patio de la corporaci\u00f3n, el Lic. Almend\u00e1rez Mar\u00edn hizo la entrega\u00a0 simb\u00f3lica de los uniformes a 10 elementos,\u00a0 de la corporaci\u00f3n, en tanto que las dotaciones al resto de los elementos\u00a0 se entregar\u00e1n en el transcurso de los pr\u00f3ximos d\u00edas, cumpliendo as\u00ed con un derecho que tienen para poder desarrollar mejor sus actividades cotidianas.<br \/><img decoding=\"async\" src=\"images\/stories\/feb13\/uniformes2.jpg\" border=\"0\" alt=\"ENTREGA MUNICIPIO DOTACION DE UNIFORMES A POLICIAS MUNICIPALES\" title=\"ENTREGA MUNICIPIO DOTACION DE UNIFORMES A POLICIAS MUNICIPALES\" align=\"right\" \/>Ah\u00ed les reconoci\u00f3 su esfuerzo diario y manifest\u00f3 que el municipio, hace frente a necesidades primordiales como es el dotarlos de uniformes y herramientas para que puedan desempe\u00f1arse mejor en su labor diaria de proteger y servir a la ciudadan\u00eda, reiter\u00e1ndoles al mismo tiempo el respaldo del Gobierno Municipal hacia esa labor que llevan a cabo y que da seguridad a la familias Vallenses.<br \/>En este acto se cont\u00f3 con la presencia del\u00a0 Regidor Manuel Vald\u00e9z Galicia,\u00a0 ah\u00ed el Director de la Polic\u00eda Municipal reiter\u00f3 su compromiso con los agentes de apoyarlos y gestionar por su bienestar, para as\u00ed juntos lograr un Valles m\u00e1s seguro y ordenado.<\/div>\n","protected":false},"excerpt":{"rendered":"<p>&#8211; Esta ma\u00f1ana en las instalaciones de la Corporaci\u00f3n Ciudad Valles S.L.P. 8\/2\/13.- El Secretario del Ayuntamiento Municipal,\u00a0 Gilberto Almend\u00e1rez Mar\u00edn,\u00a0 en representaci\u00f3n\u00a0 del Alcalde Juan Jos\u00e9 Ortiz Azuara, entreg\u00f3\u00a0 la ma\u00f1ana de este jueves de manera simb\u00f3lica, la dotaci\u00f3n de uniformes a los Agentes &hellip; <\/p>\n","protected":false},"author":1,"featured_media":2858,"comment_status":"open","ping_status":"open","sticky":false,"template":"","format":"standard","meta":{"footnotes":""},"categories":[7],"tags":[],"class_list":["post-2859","post","type-post","status-publish","format-standard","has-post-thumbnail","hentry","category-ciudad"],"_links":{"self":[{"href":"https:\/\/amanecerhuasteco.com\/portal\/wp-json\/wp\/v2\/posts\/2859","targetHints":{"allow":["GET"]}}],"collection":[{"href":"https:\/\/amanecerhuasteco.com\/portal\/wp-json\/wp\/v2\/posts"}],"about":[{"href":"https:\/\/amanecerhuasteco.com\/portal\/wp-json\/wp\/v2\/types\/post"}],"author":[{"embeddable":true,"href":"https:\/\/amanecerhuasteco.com\/portal\/wp-json\/wp\/v2\/users\/1"}],"replies":[{"embeddable":true,"href":"https:\/\/amanecerhuasteco.com\/portal\/wp-json\/wp\/v2\/comments?post=2859"}],"version-history":[{"count":0,"href":"https:\/\/amanecerhuasteco.com\/portal\/wp-json\/wp\/v2\/posts\/2859\/revisions"}],"wp:featuredmedia":[{"embeddable":true,"href":"https:\/\/amanecerhuasteco.com\/portal\/wp-json\/wp\/v2\/media\/2858"}],"wp:attachment":[{"href":"https:\/\/amanecerhuasteco.com\/portal\/wp-json\/wp\/v2\/media?parent=2859"}],"wp:term":[{"taxonomy":"category","embeddable":true,"href":"https:\/\/amanecerhuasteco.com\/portal\/wp-json\/wp\/v2\/categories?post=2859"},{"taxonomy":"post_tag","embeddable":true,"href":"https:\/\/amanecerhuasteco.com\/portal\/wp-json\/wp\/v2\/tags?post=2859"}],"curies":[{"name":"wp","href":"https:\/\/api.w.org\/{rel}","templated":true}]}}