{"id":2866,"date":"2013-02-11T21:41:55","date_gmt":"2013-02-12T03:41:55","guid":{"rendered":"http:\/\/amanecerhuasteco.com\/portal\/2013\/02\/11\/integran-el-comite-municipal-de-salud-y-el-comite-municipal-contra-las-adicciones\/"},"modified":"2013-02-11T21:41:55","modified_gmt":"2013-02-12T03:41:55","slug":"integran-el-comite-municipal-de-salud-y-el-comite-municipal-contra-las-adicciones","status":"publish","type":"post","link":"https:\/\/amanecerhuasteco.com\/portal\/integran-el-comite-municipal-de-salud-y-el-comite-municipal-contra-las-adicciones\/","title":{"rendered":"INTEGRAN EL COMIT\u00c9 MUNICIPAL DE SALUD Y EL COMITE MUNICIPAL CONTRA LAS ADICCIONES"},"content":{"rendered":"<div style=\"text-align: justify\">\u00a0<\/div>\n<div style=\"text-align: justify\"><strong><span style=\"line-height: 1.3em\">&#8211;\u00a0<\/span><span style=\"line-height: 1.3em\">Este viernes en el sal\u00f3n de cabildo<\/span><\/strong><\/div>\n<div style=\"text-align: justify\"><span style=\"line-height: 1.3em\">Ciudad Valles 10\/2\/13.- El \u00a0Sal\u00f3n de Cabildo \u201cRafael Curiel Gallegos\u201d fue el marco en el cual la tarde del \u00a0viernes \u00a0se llev\u00f3 a cabo la instalaci\u00f3n del Comit\u00e9 Municipal de Salud, as\u00ed como el Comit\u00e9 Municipal Contra las Adicciones, contando con la presencia de autoridades municipales, representantes m\u00e9dicos, directores de escuelas de esta ciudad, as\u00ed como padres de familia, entre otras \u00a0autoridades.<\/span><\/div>\n<div style=\"text-align: justify\">La reuni\u00f3n estuvo presidida por el Secretario del Ayuntamiento, \u00a0Gilberto Almend\u00e1rez Mar\u00edn, en representaci\u00f3n del Lic. Juan Jos\u00e9 Ortiz Azuara, Presidente Municipal de Ciudad Valles, as\u00ed como por la Dra. Margarita Ibarra Villanueva, Jefa de la Jurisdicci\u00f3n Sanitaria No. 5, \u00a0y su objetivo es establecer v\u00ednculos de colaboraci\u00f3n, programas y acciones para la mejora del rubro de salud en el municipio.<\/div>\n<div style=\"text-align: justify\">Una vez expuestos los fundamentos legales del Comit\u00e9 Municipal de Salud, y que se design\u00f3 a los integrantes, se llev\u00f3 acabo la toma de protesta de los integrantes del \u00a0Comit\u00e9 que encabeza como Presidente el Alcalde Juan Jos\u00e9 Ortiz Azuara, como Coordinador Ejecutivo, el Lic. Gilberto Almend\u00e1rez Mar\u00edn, Secretario del Ayuntamiento; Secretaria: Ma. Luisa \u00c1vila Alcal\u00e1, Regidora con la Comisi\u00f3n de Salud P\u00fablica; como Secretario T\u00e9cnico el Profr. Jos\u00e9 Antonio Tovar Herrera, Director de Educaci\u00f3n Municipal; y como Asesora del Consejo, la \u00a0Dra. Margarita Ibarra Villanueva, entre otros m\u00e1s.<\/div>\n<div style=\"text-align: justify\">El Secretario del Ayuntamiento manifest\u00f3 que el objetivo del Comit\u00e9 Municipal de Salud es fortalecer la acci\u00f3n de los gobiernos locales para la conducci\u00f3n de proyectos que puedan repercutir de manera importante en la salud de la poblaci\u00f3n; as\u00ed como dar el mejor esfuerzo para mejorar los niveles de salud de la mediante el establecimiento de un programa municipal de salud, encabezado por el gobierno local y con la participaci\u00f3n de la ciudadan\u00eda.<\/div>\n<div style=\"text-align: justify\">En torno al Comit\u00e9 Municipal de la Adicciones, se expuso que \u00a0las autoridades sanitarias del estado se coordinar\u00e1n \u00a0con las autoridades federales y municipales, para la ejecuci\u00f3n del programa contra el alcoholismo, y el abuso de bebidas alcoh\u00f3licas que comprender\u00e1 entre otras las acciones de: \u00a0Prevenci\u00f3n y el tratamiento del alcoholismo y la rehabilitaci\u00f3n de los alcoh\u00f3licos. La educaci\u00f3n sobre los efectos del alcohol en la salud y en las relaciones sociales, dirigidas especialmente a grupos escolares familiares, as\u00ed como a los grupos m\u00e1s vulnerables; y el fomento de actividades c\u00edvicas, deportivas y culturales que coadyuven en la lucha contra el alcoholismo, especialmente en zonas rurales e ind\u00edgenas, y en los grupos de poblaci\u00f3n considerados de alto riesgo.<\/div>\n","protected":false},"excerpt":{"rendered":"<p>\u00a0 &#8211;\u00a0Este viernes en el sal\u00f3n de cabildo Ciudad Valles 10\/2\/13.- El \u00a0Sal\u00f3n de Cabildo \u201cRafael Curiel Gallegos\u201d fue el marco en el cual la tarde del \u00a0viernes \u00a0se llev\u00f3 a cabo la instalaci\u00f3n del Comit\u00e9 Municipal de Salud, as\u00ed como el Comit\u00e9 Municipal Contra &hellip; <\/p>\n","protected":false},"author":1,"featured_media":2865,"comment_status":"open","ping_status":"open","sticky":false,"template":"","format":"standard","meta":{"footnotes":""},"categories":[7],"tags":[],"class_list":["post-2866","post","type-post","status-publish","format-standard","has-post-thumbnail","hentry","category-ciudad"],"_links":{"self":[{"href":"https:\/\/amanecerhuasteco.com\/portal\/wp-json\/wp\/v2\/posts\/2866","targetHints":{"allow":["GET"]}}],"collection":[{"href":"https:\/\/amanecerhuasteco.com\/portal\/wp-json\/wp\/v2\/posts"}],"about":[{"href":"https:\/\/amanecerhuasteco.com\/portal\/wp-json\/wp\/v2\/types\/post"}],"author":[{"embeddable":true,"href":"https:\/\/amanecerhuasteco.com\/portal\/wp-json\/wp\/v2\/users\/1"}],"replies":[{"embeddable":true,"href":"https:\/\/amanecerhuasteco.com\/portal\/wp-json\/wp\/v2\/comments?post=2866"}],"version-history":[{"count":0,"href":"https:\/\/amanecerhuasteco.com\/portal\/wp-json\/wp\/v2\/posts\/2866\/revisions"}],"wp:featuredmedia":[{"embeddable":true,"href":"https:\/\/amanecerhuasteco.com\/portal\/wp-json\/wp\/v2\/media\/2865"}],"wp:attachment":[{"href":"https:\/\/amanecerhuasteco.com\/portal\/wp-json\/wp\/v2\/media?parent=2866"}],"wp:term":[{"taxonomy":"category","embeddable":true,"href":"https:\/\/amanecerhuasteco.com\/portal\/wp-json\/wp\/v2\/categories?post=2866"},{"taxonomy":"post_tag","embeddable":true,"href":"https:\/\/amanecerhuasteco.com\/portal\/wp-json\/wp\/v2\/tags?post=2866"}],"curies":[{"name":"wp","href":"https:\/\/api.w.org\/{rel}","templated":true}]}}