{"id":2868,"date":"2013-02-11T21:43:17","date_gmt":"2013-02-12T03:43:17","guid":{"rendered":"http:\/\/amanecerhuasteco.com\/portal\/2013\/02\/11\/el-pri-lleva-a-cabo-la-asamblea-municipal\/"},"modified":"2013-02-11T21:43:17","modified_gmt":"2013-02-12T03:43:17","slug":"el-pri-lleva-a-cabo-la-asamblea-municipal","status":"publish","type":"post","link":"https:\/\/amanecerhuasteco.com\/portal\/el-pri-lleva-a-cabo-la-asamblea-municipal\/","title":{"rendered":"El PRI lleva a cabo la Asamblea Municipal"},"content":{"rendered":"<div style=\"text-align: justify\">\u00a0<\/div>\n<div style=\"text-align: justify\"><span style=\"line-height: 1.3em\"><strong>* Participaron m\u00e1s de 700 pri\u00edstas en el acto que se realiz\u00f3 en la sede estatal.<\/strong><\/span><\/div>\n<div style=\"text-align: justify\"><span style=\"line-height: 1.3em\">Con la participaci\u00f3n de m\u00e1s de 700 pri\u00edstas, se llev\u00f3 a cabo la Asamblea Municipal en la cual se eligieron a los 117 delegados que participaran en la Asamblea Estatal del Partido Revolucionario Institucional. En el acto en el que estuvieron presentes el alcalde Mario Garc\u00eda Valdez, el Presidente del Comit\u00e9 Directivo Estatal, Fernando P\u00e9rez Espinosa, y la Secretaria General, Rosa Mar\u00eda Huerta Valdez, los pri\u00edstas reafirmaron su compromiso por mantener el contacto directo con la ciudadan\u00eda y cumplir con administraciones honestas.\u00a0<\/span><\/div>\n<div style=\"text-align: justify\"><\/div>\n<div style=\"text-align: justify\">En el Auditorio Plutarco El\u00edas Calles, que cont\u00f3 con una gran concurrencia de militantes, el Presidente del Comit\u00e9 Directivo Estatal del PRI, Fernando P\u00e9rez, se\u00f1al\u00f3 que como lo marcan nuestros estatutos, estas asambleas se realizan cada 3 a\u00f1os y esta ser\u00e1 de vital importancia porque se tocar\u00e1n los temas de la renovaci\u00f3n de documentos b\u00e1sicos, c\u00f3digo de \u00e9tica, principios ideol\u00f3gicos y estatutos \u00a0<\/div>\n<div style=\"text-align: justify\">\u201cDe esta manera, el Comit\u00e9 Ejecutivo Nacional nos dice preg\u00fantenle a la militancia lo que quieren, por eso el d\u00eda de hoy estamos aqu\u00ed. Y as\u00ed hemos estado en los otros 58 municipios de la Estado convocando a la militancia y pidi\u00e9ndoles que nos den sus puntos de vista para lo que viene\u201d.<\/div>\n<div style=\"text-align: justify\"><\/div>\n<div style=\"text-align: justify\">Recalc\u00f3 la importancia de esta renovaci\u00f3n por que hace doce a\u00f1os que el Partido Revolucionario Institucional no llega a una Asamblea siendo gobierno y teniendo a Enrique Pe\u00f1a Nieto como Presidente de la Rep\u00fablica.<\/div>\n<div style=\"text-align: justify\"><\/div>\n<p><img decoding=\"async\" src=\"images\/stories\/feb13\/asamblea3.jpg\" border=\"0\" alt=\"El PRI lleva a cabo la Asamblea Municipal \" title=\"El PRI lleva a cabo la Asamblea Municipal \" align=\"right\" \/><\/p>\n<div style=\"text-align: justify\">\u00a0<\/div>\n<div style=\"text-align: justify\">Por su parte el alcalde Mario Garc\u00eda Valdez, quien realiz\u00f3 el discurso de clausura, remarc\u00f3 que en el contexto pol\u00edtico tanto nacional como local nuevamente se cuenta con un orden propio, al mismo tiempo hizo \u00e9nfasis en la confianza que los ciudadanos y los militantes han depositado en el Partido Revolucionario Institucional.<\/div>\n<div style=\"text-align: justify\">\u201cLa gente nos ha dicho qu\u00e9 espera del Partido Revolucionario Institucional: asumir responsablemente el papel que le corresponde en la pol\u00edtica y en el ejercicio de gobierno, y sabemos hacerlo, tanto, que hemos construido las instituciones del pa\u00eds\u201d.\u00a0<\/div>\n<div style=\"text-align: justify\">Manifest\u00f3 que para los pri\u00edstas, la Asamblea Nacional, es el espacio id\u00f3neo para el di\u00e1logo, para la deliberaci\u00f3n, para sumar y multiplicar. \u201cAprovechemos entonces la valiosa oportunidad que tenemos para concentrar ideas y propuestas, pues se trata de la formaci\u00f3n del gran acuerdo, en el momento preciso\u201d.\u00a0<\/div>\n<div style=\"text-align: justify\">Agreg\u00f3 que nos encontramos en el contexto de planteamientos fundamentales para el Partido, para el eje de gobierno y para su gran agenda, en consecuencia, para el Pa\u00eds.<\/div>\n<div style=\"text-align: justify\">La Asamblea Estatal se realizara el viernes 15 de Febrero a partir de las 9 de la ma\u00f1ana donde se integrar\u00e1n 4 mesas de trabajo, mientras que la instalaci\u00f3n de la Asamblea se efectuar\u00e1 a las 5 de la tarde donde se someter\u00e1n a votaci\u00f3n.<\/div>\n","protected":false},"excerpt":{"rendered":"<p>\u00a0 * Participaron m\u00e1s de 700 pri\u00edstas en el acto que se realiz\u00f3 en la sede estatal. Con la participaci\u00f3n de m\u00e1s de 700 pri\u00edstas, se llev\u00f3 a cabo la Asamblea Municipal en la cual se eligieron a los 117 delegados que participaran en la &hellip; <\/p>\n","protected":false},"author":1,"featured_media":2867,"comment_status":"open","ping_status":"open","sticky":false,"template":"","format":"standard","meta":{"footnotes":""},"categories":[5],"tags":[],"class_list":["post-2868","post","type-post","status-publish","format-standard","has-post-thumbnail","hentry","category-politica"],"_links":{"self":[{"href":"https:\/\/amanecerhuasteco.com\/portal\/wp-json\/wp\/v2\/posts\/2868","targetHints":{"allow":["GET"]}}],"collection":[{"href":"https:\/\/amanecerhuasteco.com\/portal\/wp-json\/wp\/v2\/posts"}],"about":[{"href":"https:\/\/amanecerhuasteco.com\/portal\/wp-json\/wp\/v2\/types\/post"}],"author":[{"embeddable":true,"href":"https:\/\/amanecerhuasteco.com\/portal\/wp-json\/wp\/v2\/users\/1"}],"replies":[{"embeddable":true,"href":"https:\/\/amanecerhuasteco.com\/portal\/wp-json\/wp\/v2\/comments?post=2868"}],"version-history":[{"count":0,"href":"https:\/\/amanecerhuasteco.com\/portal\/wp-json\/wp\/v2\/posts\/2868\/revisions"}],"wp:featuredmedia":[{"embeddable":true,"href":"https:\/\/amanecerhuasteco.com\/portal\/wp-json\/wp\/v2\/media\/2867"}],"wp:attachment":[{"href":"https:\/\/amanecerhuasteco.com\/portal\/wp-json\/wp\/v2\/media?parent=2868"}],"wp:term":[{"taxonomy":"category","embeddable":true,"href":"https:\/\/amanecerhuasteco.com\/portal\/wp-json\/wp\/v2\/categories?post=2868"},{"taxonomy":"post_tag","embeddable":true,"href":"https:\/\/amanecerhuasteco.com\/portal\/wp-json\/wp\/v2\/tags?post=2868"}],"curies":[{"name":"wp","href":"https:\/\/api.w.org\/{rel}","templated":true}]}}