{"id":2871,"date":"2013-02-11T21:46:32","date_gmt":"2013-02-12T03:46:32","guid":{"rendered":"http:\/\/amanecerhuasteco.com\/portal\/2013\/02\/11\/todo-un-exito-mi-barrio-en-la-morelos-y-pavon\/"},"modified":"2013-02-11T21:46:32","modified_gmt":"2013-02-12T03:46:32","slug":"todo-un-exito-mi-barrio-en-la-morelos-y-pavon","status":"publish","type":"post","link":"https:\/\/amanecerhuasteco.com\/portal\/todo-un-exito-mi-barrio-en-la-morelos-y-pavon\/","title":{"rendered":"TODO UN EXITO \u201cMI BARRIO\u201d EN LA MORELOS Y PAVON"},"content":{"rendered":"<div>\u00a0<\/div>\n<div><strong><span style=\"line-height: 1.3em\">&#8211;\u00a0<\/span><span style=\"line-height: 1.3em\">Cientos de personas \u00a0se dieron cita en el evento<\/span><\/strong><\/div>\n<div><strong>&#8211;\u00a0El pr\u00f3ximo ser\u00e1 en \u00a0la Colonia La Florida<\/strong><\/div>\n<div style=\"text-align: justify\"><span style=\"line-height: 1.3em\">Ciudad Valles S.L.P 11\/2\/13.- Todo un \u00e9xito fue el que se registro en la edici\u00f3n del Programa Mi Barrio, que el pasado s\u00e1bado se desarroll\u00f3 en el Fraccionamiento Morelos y Pav\u00f3n, en donde cientos de familias se dieron cita a partir de las 5 de la tarde \u00a0en la Plazoleta de ese lugar que fue entregada a los habitantes de ese sector para la pr\u00e1ctica del deporte, esparcimiento y recreaci\u00f3n.<\/span><\/div>\n<p><img decoding=\"async\" src=\"images\/stories\/feb13\/mibarrio2.jpg\" border=\"0\" alt=\"TODO UN EXITO \u201cMI BARRIO\u201d EN LA MORELOS Y PAVON\" title=\"TODO UN EXITO \u201cMI BARRIO\u201d EN LA MORELOS Y PAVON\" align=\"right\" \/><\/p>\n<div style=\"text-align: justify\">El Regidor \u00a0Manuel Vald\u00e9s Galicia, asisti\u00f3 en representaci\u00f3n del Alcalde Juan Jos\u00e9 Ortiz Azuara, interactuando directamente con los vecinos a quienes saludo y recibi\u00f3 algunas peticiones, disfrutando en conjunto del programa art\u00edstico musical, en el que participaron grupos y ni\u00f1os de los planteles educativos de la misma colonia, payasos, el grupo de Danza Tierra y Son, entre otros, que bajo \u00a0la conducci\u00f3n de Maty Monroy \u00a0Castillo y Karla Alejandra Torres Rubio, fueron del total agrado de los asistentes.<\/div>\n<div style=\"text-align: justify\">Las familias del lugar participaron activamente en \u00a0el programa en donde el Profr. C\u00e9sar Gonz\u00e1lez Garc\u00eda present\u00f3 a los integrantes del comit\u00e9 de colonos y adem\u00e1s dio el mensaje de parte del Lic. Ortiz Azuara, exhort\u00e1ndolos a cuidar la plaza que hoy reciben para que en ella las personas puedan pasar su tiempo libre y convivir con sus familias aprovechando para fortalecer la uni\u00f3n y los valores.<\/div>\n<div style=\"text-align: justify\">El programa \u00a0concluy\u00f3 despu\u00e9s de las 9 de la noche, con una gran concurrencia y el compromiso de parte del municipio para estar dentro de 15 d\u00edas en la Colonia La Florida, en donde a partir de esta semana comenzar\u00e1n \u00a0a rehabilitar la plaza del lugar, as\u00ed como a contactar a los artistas que se presentar\u00e1n.<\/div>\n","protected":false},"excerpt":{"rendered":"<p>\u00a0 &#8211;\u00a0Cientos de personas \u00a0se dieron cita en el evento &#8211;\u00a0El pr\u00f3ximo ser\u00e1 en \u00a0la Colonia La Florida Ciudad Valles S.L.P 11\/2\/13.- Todo un \u00e9xito fue el que se registro en la edici\u00f3n del Programa Mi Barrio, que el pasado s\u00e1bado se desarroll\u00f3 en el &hellip; <\/p>\n","protected":false},"author":1,"featured_media":2870,"comment_status":"open","ping_status":"open","sticky":false,"template":"","format":"standard","meta":{"footnotes":""},"categories":[7],"tags":[],"class_list":["post-2871","post","type-post","status-publish","format-standard","has-post-thumbnail","hentry","category-ciudad"],"_links":{"self":[{"href":"https:\/\/amanecerhuasteco.com\/portal\/wp-json\/wp\/v2\/posts\/2871","targetHints":{"allow":["GET"]}}],"collection":[{"href":"https:\/\/amanecerhuasteco.com\/portal\/wp-json\/wp\/v2\/posts"}],"about":[{"href":"https:\/\/amanecerhuasteco.com\/portal\/wp-json\/wp\/v2\/types\/post"}],"author":[{"embeddable":true,"href":"https:\/\/amanecerhuasteco.com\/portal\/wp-json\/wp\/v2\/users\/1"}],"replies":[{"embeddable":true,"href":"https:\/\/amanecerhuasteco.com\/portal\/wp-json\/wp\/v2\/comments?post=2871"}],"version-history":[{"count":0,"href":"https:\/\/amanecerhuasteco.com\/portal\/wp-json\/wp\/v2\/posts\/2871\/revisions"}],"wp:featuredmedia":[{"embeddable":true,"href":"https:\/\/amanecerhuasteco.com\/portal\/wp-json\/wp\/v2\/media\/2870"}],"wp:attachment":[{"href":"https:\/\/amanecerhuasteco.com\/portal\/wp-json\/wp\/v2\/media?parent=2871"}],"wp:term":[{"taxonomy":"category","embeddable":true,"href":"https:\/\/amanecerhuasteco.com\/portal\/wp-json\/wp\/v2\/categories?post=2871"},{"taxonomy":"post_tag","embeddable":true,"href":"https:\/\/amanecerhuasteco.com\/portal\/wp-json\/wp\/v2\/tags?post=2871"}],"curies":[{"name":"wp","href":"https:\/\/api.w.org\/{rel}","templated":true}]}}