{"id":2875,"date":"2013-02-11T21:52:02","date_gmt":"2013-02-12T03:52:02","guid":{"rendered":"http:\/\/amanecerhuasteco.com\/portal\/2013\/02\/11\/alcalde-sostiene-reunion-de-trabajo-con-habitantes-del-ejido-el-porvenir\/"},"modified":"2013-02-11T21:52:02","modified_gmt":"2013-02-12T03:52:02","slug":"alcalde-sostiene-reunion-de-trabajo-con-habitantes-del-ejido-el-porvenir","status":"publish","type":"post","link":"https:\/\/amanecerhuasteco.com\/portal\/alcalde-sostiene-reunion-de-trabajo-con-habitantes-del-ejido-el-porvenir\/","title":{"rendered":"ALCALDE SOSTIENE REUNION DE TRABAJO CON HABITANTES DEL EJIDO EL PORVENIR"},"content":{"rendered":"<div style=\"text-align: justify\">\u00a0<\/div>\n<div style=\"text-align: justify\"><span style=\"line-height: 1.3em\">Tamuin 11\/2\/13.- El Alcalde Santiago Ledezma Cano celebro una reuni\u00f3n de trabajo en el Ejido Porvenir, en donde se reuni\u00f3 con las Autoridades Ejidales, as\u00ed como los diferentes habitantes e integrantes de los comit\u00e9s \u00a0del Ejido.<\/span><\/div>\n<div style=\"text-align: justify\">\u00a0 \u00a0Acompa\u00f1aron al alcalde, e el Director de Obras Publicas el M.V.Z. Enrique Arizavalo, el Coordinador de Asuntos Ind\u00edgenas, el Prof. Antonio Mart\u00ednez Almaz\u00e1n, el Director de D.A.P.A.S.T, \u00a0Emilio L\u00f3pez Novoa, as\u00ed como el Regidor Marco Antonio Montoya P\u00e9rez.<\/div>\n<div style=\"text-align: justify\">\u00a0 \u00a0 Por su parte el Juez Auxiliar el Sabino de Santiago estuvo al frente de dicha reuni\u00f3n en donde previamente se reuni\u00f3 con los diferentes comit\u00e9s del Ejido para priorizar los apoyos que ser\u00edan solicitados al Alcalde.\u00a0<\/div>\n<div style=\"text-align: justify\">\u00a0 \u00a0 \u00a0En donde las demandas principales son los servicios b\u00e1sicos como Alumbrado P\u00fablico, Arreglo de Calles, as\u00ed como tambi\u00e9n solicitaron el Apoyo del Alcalde para intervenir en la mejora de calidad Educativa de la Primaria L\u00e1zaro C\u00e1rdenas en donde los alumnos sufren la falta de profesor. \u00a0<\/div>\n<div style=\"text-align: justify\">\u00a0 \u00a0 \u00a0Por su parte el Alcalde Santiago Ledezma Cano atendi\u00f3 sus solicitudes y petitorias y menciono que tiene \u00a0un gran compromiso con \u00a0la Ciudadan\u00eda y atender\u00e1 todas las necesidades que padecen los habitantes del Porvenir, iniciando con la revisi\u00f3n del nivel Educativo de la Primaria L\u00e1zaro C\u00e1rdenas, ya que la Educaci\u00f3n es primordial para tener un mejor futuro, as\u00ed como tambi\u00e9n en los pr\u00f3ximos meses, respetando el rol de trabajo del Departamento de Obras P\u00fablicas, dar\u00e1n inicio a la rehabilitaci\u00f3n de calles del Ejido, as\u00ed como de alumbrado P\u00fablico.\u00a0<\/div>\n<div style=\"text-align: justify\">\u00a0 \u00a0 \u00a0 Para finalizar los habitantes del Ejido, \u00a0agradecieron la visita del Alcalde as\u00ed como de los Diferentes Directores que lo acompa\u00f1aron para recibir personalmente sus solicitudes y escuchar sus necesidades.<\/div>\n<div style=\"text-align: justify\"><\/div>\n","protected":false},"excerpt":{"rendered":"<p>\u00a0 Tamuin 11\/2\/13.- El Alcalde Santiago Ledezma Cano celebro una reuni\u00f3n de trabajo en el Ejido Porvenir, en donde se reuni\u00f3 con las Autoridades Ejidales, as\u00ed como los diferentes habitantes e integrantes de los comit\u00e9s \u00a0del Ejido. \u00a0 \u00a0Acompa\u00f1aron al alcalde, e el Director de &hellip; <\/p>\n","protected":false},"author":1,"featured_media":2874,"comment_status":"open","ping_status":"open","sticky":false,"template":"","format":"standard","meta":{"footnotes":""},"categories":[20],"tags":[],"class_list":["post-2875","post","type-post","status-publish","format-standard","has-post-thumbnail","hentry","category-tamuin"],"_links":{"self":[{"href":"https:\/\/amanecerhuasteco.com\/portal\/wp-json\/wp\/v2\/posts\/2875","targetHints":{"allow":["GET"]}}],"collection":[{"href":"https:\/\/amanecerhuasteco.com\/portal\/wp-json\/wp\/v2\/posts"}],"about":[{"href":"https:\/\/amanecerhuasteco.com\/portal\/wp-json\/wp\/v2\/types\/post"}],"author":[{"embeddable":true,"href":"https:\/\/amanecerhuasteco.com\/portal\/wp-json\/wp\/v2\/users\/1"}],"replies":[{"embeddable":true,"href":"https:\/\/amanecerhuasteco.com\/portal\/wp-json\/wp\/v2\/comments?post=2875"}],"version-history":[{"count":0,"href":"https:\/\/amanecerhuasteco.com\/portal\/wp-json\/wp\/v2\/posts\/2875\/revisions"}],"wp:featuredmedia":[{"embeddable":true,"href":"https:\/\/amanecerhuasteco.com\/portal\/wp-json\/wp\/v2\/media\/2874"}],"wp:attachment":[{"href":"https:\/\/amanecerhuasteco.com\/portal\/wp-json\/wp\/v2\/media?parent=2875"}],"wp:term":[{"taxonomy":"category","embeddable":true,"href":"https:\/\/amanecerhuasteco.com\/portal\/wp-json\/wp\/v2\/categories?post=2875"},{"taxonomy":"post_tag","embeddable":true,"href":"https:\/\/amanecerhuasteco.com\/portal\/wp-json\/wp\/v2\/tags?post=2875"}],"curies":[{"name":"wp","href":"https:\/\/api.w.org\/{rel}","templated":true}]}}