{"id":2882,"date":"2013-02-12T17:14:26","date_gmt":"2013-02-12T23:14:26","guid":{"rendered":"http:\/\/amanecerhuasteco.com\/portal\/2013\/02\/12\/ramiro-galero-no-es-socio-de-la-ganadera-de-tamuin\/"},"modified":"2013-02-12T17:14:26","modified_gmt":"2013-02-12T23:14:26","slug":"ramiro-galero-no-es-socio-de-la-ganadera-de-tamuin","status":"publish","type":"post","link":"https:\/\/amanecerhuasteco.com\/portal\/ramiro-galero-no-es-socio-de-la-ganadera-de-tamuin\/","title":{"rendered":"RAMIRO GALERO NO ES \u201cSOCIO\u201d DE LA GANADERA DE TAMUIN"},"content":{"rendered":"<div style=\"text-align: justify\"><span style=\"line-height: 1.3em\"><strong>-Se confirma que \u00e9l y los integrantes de su directiva no tienen \u201cpersonalidad jur\u00eddica\u201d<\/strong><\/span><\/div>\n<div style=\"text-align: justify\"><span style=\"line-height: 1.3em\">Tamuin S.L.P. 12\/2\/13.- Jos\u00e9 Luis Ramiro Galero dirigente del Movimiento Campesinos y Colonos (MOCACO) \u00a0y actual Presidente de la Asociaci\u00f3n Ganadera Local de Tamuin pudiera ser desconocido del cargo al comprobarse de que fue electo sin si quiera cumplir los requisitos indispensables para poder acceder al cargo.<\/span><\/div>\n<div style=\"text-align: justify\">\u00a0 \u00a0 De acuerdo a informaci\u00f3n obtenida por Amanecer Huasteco, Ramiro Galero quien fuera el dirigente de la organizaci\u00f3n denominada MOCACO que luchaba por la entrega de tierras para campesinos solicitantes, y que en a\u00f1os pasados \u00a0se convirti\u00f3 de manera irregular como Presidente de la Asociaci\u00f3n Ganadera Local de Tamuin, es se\u00f1alado de nueva cuenta como dirigente \u201cileg\u00edtimo\u201d ya que simplemente no es socio ganadero.<\/div>\n<div style=\"text-align: justify\">\u00a0 \u00a0 \u00a0Como se recordar\u00e1 desde su elecci\u00f3n fue se\u00f1alado por socios productores de ganado del municipio de Tamuin, pero a base de asambleas manejadas por integrantes de MOCACO y Barz\u00f3n se convirti\u00f3 en presidente de la mencionada Asociaci\u00f3n violentando desde su inicio la ley.<\/div>\n<div style=\"text-align: justify\">\u00a0 \u00a0 \u00a0Esta informaci\u00f3n comenz\u00f3 a fluir ayer en el municipio de Tamuin, luego que se conociera que Ramiro Galero desea buscar la \u201creelecci\u00f3n\u201d en el cargo, lo que ha motivado a ganaderos fundadores y socios en general a reunirse para proponer una mesa directiva que venga a corregir el rumbo de la actividad ganadera que se encuentra completamente olvidada.<\/div>\n<div style=\"text-align: justify\">\u00a0 \u00a0 \u00a0 Socios ganaderos que pidieron mantener sus nombres en el anonimato por temor a alg\u00fan tipo de represalia consideraron que la ganadera de Tamuin fue tomada por \u201casalto\u201d por un grupo de personas que designar a Jos\u00e9 Luis Ramiro Galero sin cumplir con lo establecido por la ley, pero lo grave del caso es que los ganaderos est\u00e1n a punto de perder su patrimonio por mal manejo financiero de los \u00faltimos dirigentes ganaderos.<\/div>\n<div style=\"text-align: justify\">\u00a0 \u00a0 Lamentaron que Tamuin, que era s\u00edmbolo de la ganader\u00eda en M\u00e9xico se encuentre en las condiciones en que est\u00e1 actualmente, sin apoyos del gobierno, sin una asociaci\u00f3n que preste servicios y atenci\u00f3n al productor, y sin si quiera dirigentes que sean \u201csocios\u201d si no unos advenedizos.<\/div>\n","protected":false},"excerpt":{"rendered":"<p>-Se confirma que \u00e9l y los integrantes de su directiva no tienen \u201cpersonalidad jur\u00eddica\u201d Tamuin S.L.P. 12\/2\/13.- Jos\u00e9 Luis Ramiro Galero dirigente del Movimiento Campesinos y Colonos (MOCACO) \u00a0y actual Presidente de la Asociaci\u00f3n Ganadera Local de Tamuin pudiera ser desconocido del cargo al comprobarse &hellip; <\/p>\n","protected":false},"author":1,"featured_media":17874,"comment_status":"open","ping_status":"open","sticky":false,"template":"","format":"standard","meta":{"footnotes":""},"categories":[4],"tags":[],"class_list":["post-2882","post","type-post","status-publish","format-standard","has-post-thumbnail","hentry","category-inicio"],"_links":{"self":[{"href":"https:\/\/amanecerhuasteco.com\/portal\/wp-json\/wp\/v2\/posts\/2882","targetHints":{"allow":["GET"]}}],"collection":[{"href":"https:\/\/amanecerhuasteco.com\/portal\/wp-json\/wp\/v2\/posts"}],"about":[{"href":"https:\/\/amanecerhuasteco.com\/portal\/wp-json\/wp\/v2\/types\/post"}],"author":[{"embeddable":true,"href":"https:\/\/amanecerhuasteco.com\/portal\/wp-json\/wp\/v2\/users\/1"}],"replies":[{"embeddable":true,"href":"https:\/\/amanecerhuasteco.com\/portal\/wp-json\/wp\/v2\/comments?post=2882"}],"version-history":[{"count":0,"href":"https:\/\/amanecerhuasteco.com\/portal\/wp-json\/wp\/v2\/posts\/2882\/revisions"}],"wp:featuredmedia":[{"embeddable":true,"href":"https:\/\/amanecerhuasteco.com\/portal\/wp-json\/wp\/v2\/media\/17874"}],"wp:attachment":[{"href":"https:\/\/amanecerhuasteco.com\/portal\/wp-json\/wp\/v2\/media?parent=2882"}],"wp:term":[{"taxonomy":"category","embeddable":true,"href":"https:\/\/amanecerhuasteco.com\/portal\/wp-json\/wp\/v2\/categories?post=2882"},{"taxonomy":"post_tag","embeddable":true,"href":"https:\/\/amanecerhuasteco.com\/portal\/wp-json\/wp\/v2\/tags?post=2882"}],"curies":[{"name":"wp","href":"https:\/\/api.w.org\/{rel}","templated":true}]}}