{"id":2884,"date":"2013-02-12T18:51:53","date_gmt":"2013-02-13T00:51:53","guid":{"rendered":"http:\/\/amanecerhuasteco.com\/portal\/2013\/02\/12\/asociacion-ecologista-nacional-se-suma-a-la-lucha-contra-la-contaminacion-de-termoelectricas-y-cemex-en-el-ejido-las-palmas\/"},"modified":"2013-02-12T18:51:53","modified_gmt":"2013-02-13T00:51:53","slug":"asociacion-ecologista-nacional-se-suma-a-la-lucha-contra-la-contaminacion-de-termoelectricas-y-cemex-en-el-ejido-las-palmas","status":"publish","type":"post","link":"https:\/\/amanecerhuasteco.com\/portal\/asociacion-ecologista-nacional-se-suma-a-la-lucha-contra-la-contaminacion-de-termoelectricas-y-cemex-en-el-ejido-las-palmas\/","title":{"rendered":"ASOCIACION ECOLOGISTA NACIONAL SE SUMA A LA LUCHA CONTRA LA CONTAMINACION DE TERMOELECTRICAS Y CEMEX EN EL EJIDO LAS PALMAS"},"content":{"rendered":"<div align=\"justify\"><\/div>\n<div align=\"justify\">Tamuin S.L.P. 12\/2\/13.- Ejidatarios del poblado Las Palmas que mantienen un litigio contra la empresa Cemex y Termoel\u00e9ctricas por la contaminaci\u00f3n que general al medio ambiente que esta causando enfermedades terminales entre la poblaci\u00f3n tomara un giro radical al sumarse asociaciones defensoras de la ecolog\u00eda a nivel nacional.<br \/>\u00a0\u00a0\u00a0\u00a0 En rueda de prensa el representa legal del ejido las Palmas, Ernesto M\u00e1rquez Torres, aseguro que la \u201ccorrupci\u00f3n\u201d de funcionarios municipales, estatales y algunos federales han bloqueado el avance en las denuncias hechas por los habitantes de este ejido en contra de la empresa\u00a0\u00a0 \u00a0 CEMEX y las Termoel\u00e9ctricas del Golfo y Pe\u00f1oles, por lo que en la reuni\u00f3n general de ejidatarios del 3 de febrero se acord\u00f3 invitar a participar una asociaci\u00f3n ecologista nacional para que los apoye en la lucha contra la contaminaci\u00f3n.<br \/>\u00a0\u00a0\u00a0\u00a0 Las quejas por la contaminaci\u00f3n han sido desde la instalaci\u00f3n de CEMEX, pero desde la instalaci\u00f3n de Termoel\u00e9ctricas se han incrementado en el poblado el registro de enfermedades terminales, malformaciones en reci\u00e9n nacidos, problemas de salud graves en la piel de lo cual tiene testimonio la Secretaria de Salud a trav\u00e9s del Centro de Salud, pero extra\u00f1amente no \u201cact\u00faan\u201d como lo deber\u00edan hacer.<br \/>\u00a0\u00a0\u00a0\u00a0 Explic\u00f3 que cansados de no ser escuchados en sus demandas, se pedir\u00e1 el apoyo de una Asociaci\u00f3n Nacional defensora del medio ambiente, que en breve llegar\u00e1n al municipio de Tamuin a documentar todo lo denunciado por loa ejidatarios, sacaran muestras de agua, aire y suelo, una vez que se cuente con toda la informaci\u00f3n un contingente de ejidatarios y habitantes del ejido las Palmas enfermos se trasladaran a la Ciudad de M\u00e9xico para hacer una rueda de prensa ante medios nacionales y extranjeros para denunciar los hechos.<br \/>\u00a0\u00a0\u00a0\u00a0 M\u00e1rquez Torres, dijo que mantendr\u00e1 el nombre de los ambientalistas en reserva, ya que el objetivo principal es detener la \u201ccontaminaci\u00f3n\u201d para ello luego de regresar de la Ciudad de M\u00e9xico se tomaran acciones determinantes contra las mencionadas empresas entre las que se consideran el bloqueo total.<br \/>\u00a0\u00a0\u00a0\u00a0\u00a0 Puntualiz\u00f3, que el bloqueo de la cementera y termoel\u00e9ctrica se har\u00e1 con base en la ley, porque sencillamente la superficies donde se encuentran instaladas pertenecen al ejido las Palmas.<\/div>\n","protected":false},"excerpt":{"rendered":"<p>Tamuin S.L.P. 12\/2\/13.- Ejidatarios del poblado Las Palmas que mantienen un litigio contra la empresa Cemex y Termoel\u00e9ctricas por la contaminaci\u00f3n que general al medio ambiente que esta causando enfermedades terminales entre la poblaci\u00f3n tomara un giro radical al sumarse asociaciones defensoras de la ecolog\u00eda &hellip; <\/p>\n","protected":false},"author":1,"featured_media":2883,"comment_status":"open","ping_status":"open","sticky":false,"template":"","format":"standard","meta":{"footnotes":""},"categories":[4],"tags":[],"class_list":["post-2884","post","type-post","status-publish","format-standard","has-post-thumbnail","hentry","category-inicio"],"_links":{"self":[{"href":"https:\/\/amanecerhuasteco.com\/portal\/wp-json\/wp\/v2\/posts\/2884","targetHints":{"allow":["GET"]}}],"collection":[{"href":"https:\/\/amanecerhuasteco.com\/portal\/wp-json\/wp\/v2\/posts"}],"about":[{"href":"https:\/\/amanecerhuasteco.com\/portal\/wp-json\/wp\/v2\/types\/post"}],"author":[{"embeddable":true,"href":"https:\/\/amanecerhuasteco.com\/portal\/wp-json\/wp\/v2\/users\/1"}],"replies":[{"embeddable":true,"href":"https:\/\/amanecerhuasteco.com\/portal\/wp-json\/wp\/v2\/comments?post=2884"}],"version-history":[{"count":0,"href":"https:\/\/amanecerhuasteco.com\/portal\/wp-json\/wp\/v2\/posts\/2884\/revisions"}],"wp:featuredmedia":[{"embeddable":true,"href":"https:\/\/amanecerhuasteco.com\/portal\/wp-json\/wp\/v2\/media\/2883"}],"wp:attachment":[{"href":"https:\/\/amanecerhuasteco.com\/portal\/wp-json\/wp\/v2\/media?parent=2884"}],"wp:term":[{"taxonomy":"category","embeddable":true,"href":"https:\/\/amanecerhuasteco.com\/portal\/wp-json\/wp\/v2\/categories?post=2884"},{"taxonomy":"post_tag","embeddable":true,"href":"https:\/\/amanecerhuasteco.com\/portal\/wp-json\/wp\/v2\/tags?post=2884"}],"curies":[{"name":"wp","href":"https:\/\/api.w.org\/{rel}","templated":true}]}}