{"id":2887,"date":"2013-02-12T18:55:13","date_gmt":"2013-02-13T00:55:13","guid":{"rendered":"http:\/\/amanecerhuasteco.com\/portal\/2013\/02\/12\/continuan-mesas-de-trabajo-en-la-zona-indigena-ayer-estuvieron-en-el-chuchupe\/"},"modified":"2013-02-12T18:55:13","modified_gmt":"2013-02-13T00:55:13","slug":"continuan-mesas-de-trabajo-en-la-zona-indigena-ayer-estuvieron-en-el-chuchupe","status":"publish","type":"post","link":"https:\/\/amanecerhuasteco.com\/portal\/continuan-mesas-de-trabajo-en-la-zona-indigena-ayer-estuvieron-en-el-chuchupe\/","title":{"rendered":"CONTINUAN MESAS DE TRABAJO EN LA ZONA INDIGENA, AYER ESTUVIERON EN EL CHUCHUPE"},"content":{"rendered":"<div align=\"justify\"><\/div>\n<div align=\"justify\"><strong>&#8211; Funcionarios municipales se trasladaron hasta all\u00e1<\/strong><br \/>Ciudad Valles 12\/2\/13.- El Regidor Manuel\u00a0 Vald\u00e9s\u00a0 Galicia, en Representaci\u00f3n del Alcalde Juan Jos\u00e9 Ortiz Azuara, encabez\u00f3 la jornada de\u00a0\u00a0 atenci\u00f3n a habitantes de El Chuchupe\u00a0 hasta donde se trasladaron funcionarios que atendieron a la poblaci\u00f3n a trav\u00e9s de mesas de trabajo que se instalaron para captar las demandas y necesidades de los habitantes del lugar.<br \/><img decoding=\"async\" src=\"images\/stories\/feb13\/chuchupe1.jpg\" border=\"0\" alt=\"CONTINUAN MESAS DE TRABAJO EN LA ZONA INDIGENA, AYER ESTUVIERON EN EL CHUCHUPE\" title=\"CONTINUAN MESAS DE TRABAJO EN LA ZONA INDIGENA, AYER ESTUVIERON EN EL CHUCHUPE\" align=\"right\" \/>El Edil, en su mensaje a los vecinos de el Chuchupe y comunidades aleda\u00f1as, refrend\u00f3 el mensaje del Lic. Ortiz Azuara de\u00a0 llevar al Gobierno Municipal hasta sus comunidades para as\u00ed responder a su compromiso gubernamental de puertas abiertas y de acercar a los funcionarios hasta donde m\u00e1s se necesita su actuar.<br \/>Los habitantes del lugar\u00a0 dieron la bienvenida a la comitiva de la administraci\u00f3n en turno, y procedieron a plantear\u00a0 los problemas que m\u00e1s los aquejan as\u00ed como las principales demandas que se recibieron a trav\u00e9s de las mesas, entre las que destacaron Abasto Popular, Inmuvi, Proyectos Productivos, Atenci\u00f3n a la Ciudadan\u00eda, al Campo, y Asuntos Ind\u00edgenas, entre otros m\u00e1s.<br \/>A nombre del Presidente Municipal, lo funcionarios reiteraron a los presentes que cada una de las solicitudes y planteamientos recibidos se analizar\u00e1 y se ejecutar\u00e1 conforme a las posibilidades y tiempos de la Administraci\u00f3n Vallense.<br \/>En esta jornada de trabajo se cont\u00f3 tambi\u00e9n con una brigada medico asistencial que ofreci\u00f3 consultas m\u00e9dicas y cortes de pelo, entre otras acciones, se llev\u00f3 un payaso, pi\u00f1atas y dulces para los menores, adem\u00e1s de diversas din\u00e1micas de convivencia familiar.<\/div>\n<div align=\"justify\"><img decoding=\"async\" src=\"images\/stories\/feb13\/chuchupe5.jpg\" border=\"0\" alt=\"CONTINUAN MESAS DE TRABAJO EN LA ZONA INDIGENA, AYER ESTUVIERON EN EL CHUCHUPE\" title=\"CONTINUAN MESAS DE TRABAJO EN LA ZONA INDIGENA, AYER ESTUVIERON EN EL CHUCHUPE\" \/> <\/div>\n","protected":false},"excerpt":{"rendered":"<p>&#8211; Funcionarios municipales se trasladaron hasta all\u00e1Ciudad Valles 12\/2\/13.- El Regidor Manuel\u00a0 Vald\u00e9s\u00a0 Galicia, en Representaci\u00f3n del Alcalde Juan Jos\u00e9 Ortiz Azuara, encabez\u00f3 la jornada de\u00a0\u00a0 atenci\u00f3n a habitantes de El Chuchupe\u00a0 hasta donde se trasladaron funcionarios que atendieron a la poblaci\u00f3n a trav\u00e9s de &hellip; <\/p>\n","protected":false},"author":1,"featured_media":2886,"comment_status":"open","ping_status":"open","sticky":false,"template":"","format":"standard","meta":{"footnotes":""},"categories":[7],"tags":[],"class_list":["post-2887","post","type-post","status-publish","format-standard","has-post-thumbnail","hentry","category-ciudad"],"_links":{"self":[{"href":"https:\/\/amanecerhuasteco.com\/portal\/wp-json\/wp\/v2\/posts\/2887","targetHints":{"allow":["GET"]}}],"collection":[{"href":"https:\/\/amanecerhuasteco.com\/portal\/wp-json\/wp\/v2\/posts"}],"about":[{"href":"https:\/\/amanecerhuasteco.com\/portal\/wp-json\/wp\/v2\/types\/post"}],"author":[{"embeddable":true,"href":"https:\/\/amanecerhuasteco.com\/portal\/wp-json\/wp\/v2\/users\/1"}],"replies":[{"embeddable":true,"href":"https:\/\/amanecerhuasteco.com\/portal\/wp-json\/wp\/v2\/comments?post=2887"}],"version-history":[{"count":0,"href":"https:\/\/amanecerhuasteco.com\/portal\/wp-json\/wp\/v2\/posts\/2887\/revisions"}],"wp:featuredmedia":[{"embeddable":true,"href":"https:\/\/amanecerhuasteco.com\/portal\/wp-json\/wp\/v2\/media\/2886"}],"wp:attachment":[{"href":"https:\/\/amanecerhuasteco.com\/portal\/wp-json\/wp\/v2\/media?parent=2887"}],"wp:term":[{"taxonomy":"category","embeddable":true,"href":"https:\/\/amanecerhuasteco.com\/portal\/wp-json\/wp\/v2\/categories?post=2887"},{"taxonomy":"post_tag","embeddable":true,"href":"https:\/\/amanecerhuasteco.com\/portal\/wp-json\/wp\/v2\/tags?post=2887"}],"curies":[{"name":"wp","href":"https:\/\/api.w.org\/{rel}","templated":true}]}}