{"id":2889,"date":"2013-02-12T19:16:51","date_gmt":"2013-02-13T01:16:51","guid":{"rendered":"http:\/\/amanecerhuasteco.com\/portal\/2013\/02\/12\/sesiona-el-concejo-municipal-de-participacion-social-en-la-educacion\/"},"modified":"2013-02-12T19:16:51","modified_gmt":"2013-02-13T01:16:51","slug":"sesiona-el-concejo-municipal-de-participacion-social-en-la-educacion","status":"publish","type":"post","link":"https:\/\/amanecerhuasteco.com\/portal\/sesiona-el-concejo-municipal-de-participacion-social-en-la-educacion\/","title":{"rendered":"SESIONA EL CONCEJO MUNICIPAL DE PARTICIPACION SOCIAL EN LA EDUCACION"},"content":{"rendered":"<div align=\"justify\"><\/div>\n<div align=\"justify\"><strong>&#8211; Presenta Plan de Trabajo el Concejo Estatal de Participaci\u00f3n Social en la Educaci\u00f3n<br \/><\/strong>Ciudad Valles 12\/2\/13.- El Director de Educaci\u00f3n Municipal\u00a0 Profr. Jos\u00e9 Antonio Tovar Herrera, presidi\u00f3 la Primera Sesi\u00f3n Extraordinaria del Consejo Municipal de Participaci\u00f3n Social en la Educaci\u00f3n, misma que se llev\u00f3 a cabo este lunes en el sal\u00f3n de cabildo \u201cRafael Curiel Gallegos\u201d, en presencia de representantes de todos los sectores y niveles educativos.<br \/><img decoding=\"async\" src=\"images\/stories\/feb13\/concejo2.jpg\" border=\"0\" alt=\"SESIONA EL CONCEJO MUNICIPAL DE PARTICIPACION SOCIAL EN LA EDUCACION\" title=\"SESIONA EL CONCEJO MUNICIPAL DE PARTICIPACION SOCIAL EN LA EDUCACION\" align=\"right\" \/>En esta reuni\u00f3n se llev\u00f3 a cabo la Presentaci\u00f3n del Plan de Trabajo por parte de los integrantes del Concejo\u00a0 Estatal de Participaci\u00f3n Social en la Educaci\u00f3n; as\u00ed como tambi\u00e9n la delimitaci\u00f3n de funciones de los Consejos Escolares de Participaci\u00f3n Social.<br \/>\u00a0\u00a0\u00a0 En este marco se estableci\u00f3 tambi\u00e9n que el pr\u00f3ximo 28 de febrero a las 9 horas se llevar\u00e1 cabo la pr\u00f3xima reuni\u00f3n de este concejo en donde\u00a0 se invitar\u00e1 a la Direcci\u00f3n de Protecci\u00f3n Civil, as\u00ed como a la Direcci\u00f3n de Seguridad P\u00fablica del Estado y a la de Polic\u00eda y Tr\u00e1nsito Municipal, para implementar acciones de Seguridad Escolar en el municipio.<br \/>En esta misma reuni\u00f3n y en Representaci\u00f3n\u00a0 del grupo \u201cLos 13 Literarios\u201d, la Lic. Patricia Lobat\u00f3n\u00a0\u00a0 hizo extensiva la invitaci\u00f3n para participar en la Feria del Libro, lo que adem\u00e1s dio lugar a propuestas para fomentar la lectura con diversos talleres.<br \/>Por \u00faltimo, se dio a conocer que en la pr\u00f3xima\u00a0 sesi\u00f3n se propondr\u00e1n mesas de trabajo\u00a0 en torno a diversos temas,\u00a0 y las personas que los integrar\u00e1n.<\/div>\n","protected":false},"excerpt":{"rendered":"<p>&#8211; Presenta Plan de Trabajo el Concejo Estatal de Participaci\u00f3n Social en la Educaci\u00f3nCiudad Valles 12\/2\/13.- El Director de Educaci\u00f3n Municipal\u00a0 Profr. Jos\u00e9 Antonio Tovar Herrera, presidi\u00f3 la Primera Sesi\u00f3n Extraordinaria del Consejo Municipal de Participaci\u00f3n Social en la Educaci\u00f3n, misma que se llev\u00f3 a &hellip; <\/p>\n","protected":false},"author":1,"featured_media":2888,"comment_status":"open","ping_status":"open","sticky":false,"template":"","format":"standard","meta":{"footnotes":""},"categories":[7],"tags":[],"class_list":["post-2889","post","type-post","status-publish","format-standard","has-post-thumbnail","hentry","category-ciudad"],"_links":{"self":[{"href":"https:\/\/amanecerhuasteco.com\/portal\/wp-json\/wp\/v2\/posts\/2889","targetHints":{"allow":["GET"]}}],"collection":[{"href":"https:\/\/amanecerhuasteco.com\/portal\/wp-json\/wp\/v2\/posts"}],"about":[{"href":"https:\/\/amanecerhuasteco.com\/portal\/wp-json\/wp\/v2\/types\/post"}],"author":[{"embeddable":true,"href":"https:\/\/amanecerhuasteco.com\/portal\/wp-json\/wp\/v2\/users\/1"}],"replies":[{"embeddable":true,"href":"https:\/\/amanecerhuasteco.com\/portal\/wp-json\/wp\/v2\/comments?post=2889"}],"version-history":[{"count":0,"href":"https:\/\/amanecerhuasteco.com\/portal\/wp-json\/wp\/v2\/posts\/2889\/revisions"}],"wp:featuredmedia":[{"embeddable":true,"href":"https:\/\/amanecerhuasteco.com\/portal\/wp-json\/wp\/v2\/media\/2888"}],"wp:attachment":[{"href":"https:\/\/amanecerhuasteco.com\/portal\/wp-json\/wp\/v2\/media?parent=2889"}],"wp:term":[{"taxonomy":"category","embeddable":true,"href":"https:\/\/amanecerhuasteco.com\/portal\/wp-json\/wp\/v2\/categories?post=2889"},{"taxonomy":"post_tag","embeddable":true,"href":"https:\/\/amanecerhuasteco.com\/portal\/wp-json\/wp\/v2\/tags?post=2889"}],"curies":[{"name":"wp","href":"https:\/\/api.w.org\/{rel}","templated":true}]}}