{"id":2891,"date":"2013-02-12T19:20:28","date_gmt":"2013-02-13T01:20:28","guid":{"rendered":"http:\/\/amanecerhuasteco.com\/portal\/2013\/02\/12\/preescolar-indigena-agradece-apoyo-al-alcalde-juan-jose-ortiz\/"},"modified":"2013-02-12T19:20:28","modified_gmt":"2013-02-13T01:20:28","slug":"preescolar-indigena-agradece-apoyo-al-alcalde-juan-jose-ortiz","status":"publish","type":"post","link":"https:\/\/amanecerhuasteco.com\/portal\/preescolar-indigena-agradece-apoyo-al-alcalde-juan-jose-ortiz\/","title":{"rendered":"PREESCOLAR INDIGENA AGRADECE APOYO AL ALCALDE JUAN JOS\u00c8 ORTIZ"},"content":{"rendered":"<div align=\"justify\"><strong>&#8211; Impermeabilizaci\u00f3n de aulas<br \/><\/strong>Ciudad Valles 12\/2\/13.- Padres de familia y maestros del Centro de Educaci\u00f3n Preescolar Ind\u00edgena\u00a0 \u201cValent\u00edn G\u00f3mez Far\u00edas\u201d, que se encuentra en San Antonio Huichimal,\u00a0 manifestaron\u00a0 un amplio agradecimiento\u00a0 al Gobierno Municipal, que preside el Alcalde Juan Jos\u00e9 Ortiz Azuara, por el apoyo recibido al\u00a0 concretar\u00a0 las tareas de impermeabilizaci\u00f3n y pintado de las aulas.<br \/>El agradecimiento por las obras realizadas lo hizo llegar el Presidente de la Asociaci\u00f3n de Padres de Familia, Israel Hern\u00e1ndez Mart\u00ednez; el Director de la Escuela, Profr. Sabas Hern\u00e1ndez Hern\u00e1ndez; as\u00ed como el Presidente del Comisariado Ejidal, Gregorio Resendiz P\u00e9rez, por considerar\u00a0 que la ejecuci\u00f3n de esos trabajos era indispensable para evitar un mayor deterioro del inmueble.<br \/>Agregan que con este tipo de acciones los alumnos de preescolar y los maestros trabajan en condiciones adecuadas\u00a0 lo que facilita el proceso de ense\u00f1anza aprendizaje, lo que redunda por consiguiente en beneficio de la comunidad. <\/div>\n","protected":false},"excerpt":{"rendered":"<p>&#8211; Impermeabilizaci\u00f3n de aulasCiudad Valles 12\/2\/13.- Padres de familia y maestros del Centro de Educaci\u00f3n Preescolar Ind\u00edgena\u00a0 \u201cValent\u00edn G\u00f3mez Far\u00edas\u201d, que se encuentra en San Antonio Huichimal,\u00a0 manifestaron\u00a0 un amplio agradecimiento\u00a0 al Gobierno Municipal, que preside el Alcalde Juan Jos\u00e9 Ortiz Azuara, por el apoyo &hellip; <\/p>\n","protected":false},"author":1,"featured_media":2890,"comment_status":"open","ping_status":"open","sticky":false,"template":"","format":"standard","meta":{"footnotes":""},"categories":[7],"tags":[],"class_list":["post-2891","post","type-post","status-publish","format-standard","has-post-thumbnail","hentry","category-ciudad"],"_links":{"self":[{"href":"https:\/\/amanecerhuasteco.com\/portal\/wp-json\/wp\/v2\/posts\/2891","targetHints":{"allow":["GET"]}}],"collection":[{"href":"https:\/\/amanecerhuasteco.com\/portal\/wp-json\/wp\/v2\/posts"}],"about":[{"href":"https:\/\/amanecerhuasteco.com\/portal\/wp-json\/wp\/v2\/types\/post"}],"author":[{"embeddable":true,"href":"https:\/\/amanecerhuasteco.com\/portal\/wp-json\/wp\/v2\/users\/1"}],"replies":[{"embeddable":true,"href":"https:\/\/amanecerhuasteco.com\/portal\/wp-json\/wp\/v2\/comments?post=2891"}],"version-history":[{"count":0,"href":"https:\/\/amanecerhuasteco.com\/portal\/wp-json\/wp\/v2\/posts\/2891\/revisions"}],"wp:featuredmedia":[{"embeddable":true,"href":"https:\/\/amanecerhuasteco.com\/portal\/wp-json\/wp\/v2\/media\/2890"}],"wp:attachment":[{"href":"https:\/\/amanecerhuasteco.com\/portal\/wp-json\/wp\/v2\/media?parent=2891"}],"wp:term":[{"taxonomy":"category","embeddable":true,"href":"https:\/\/amanecerhuasteco.com\/portal\/wp-json\/wp\/v2\/categories?post=2891"},{"taxonomy":"post_tag","embeddable":true,"href":"https:\/\/amanecerhuasteco.com\/portal\/wp-json\/wp\/v2\/tags?post=2891"}],"curies":[{"name":"wp","href":"https:\/\/api.w.org\/{rel}","templated":true}]}}