{"id":2904,"date":"2013-02-14T17:44:38","date_gmt":"2013-02-14T23:44:38","guid":{"rendered":"http:\/\/amanecerhuasteco.com\/portal\/2013\/02\/14\/inicia-analisis-de-iniciativa-para-refomar-la-ley-del-transporte-publico\/"},"modified":"2013-02-14T17:44:38","modified_gmt":"2013-02-14T23:44:38","slug":"inicia-analisis-de-iniciativa-para-refomar-la-ley-del-transporte-publico","status":"publish","type":"post","link":"https:\/\/amanecerhuasteco.com\/portal\/inicia-analisis-de-iniciativa-para-refomar-la-ley-del-transporte-publico\/","title":{"rendered":"INICIA ANALISIS DE INICIATIVA PARA REFOMAR LA LEY DEL TRANSPORTE P\u00daBLICO"},"content":{"rendered":"<div align=\"justify\">San Luis Potos\u00ed 14\/2\/13.- La Comisi\u00f3n de Comunicaciones y Transportes del Congreso del Estado, inici\u00f3 con el an\u00e1lisis de la iniciativa para reformar la Ley de Transporte P\u00fablico en el Estado para hacer modificaciones en la integraci\u00f3n del Consejo Estatal de Transporte, en donde se busca que exista una mayor representatividad de la sociedad civil con el objetivo de lograr acuerdos que contribuyan a mejorar el servicio del transporte p\u00fablico.<\/p>\n<p>La diputada Socorro Herrera Orta inform\u00f3 que los integrantes de dicha Comisi\u00f3n ya tienen el predictamen, el cual, ser\u00e1 analizado para ponerlo a votaci\u00f3n en la pr\u00f3xima reuni\u00f3n y posteriormente presentarlo ante el Pleno de la LX Legislatura para su an\u00e1lisis y posible aprobaci\u00f3n.<\/p>\n<p>Explic\u00f3 que est\u00e1 iniciativa contempla que el Consejo Estatal de Transporte sea integrado de la siguiente manera: por cuatro representantes de los concesionarios agrupados en entidades morales legalmente constituidas del transporte p\u00fablico, de los cuales, dos pertenezcan al transporte urbano colectivo y dos de autom\u00f3vil de alquiler; por cuatro representantes de los operadores organizados en sindicatos del transporte p\u00fablico, de los cuales dos pertenezcan al transporte urbano colectivo y dos de autom\u00f3vil de alquiler.<\/p>\n<p>Adem\u00e1s, por dos representantes de asociaciones de estudiantes de instituciones de educaci\u00f3n superior en el Estado; dos representantes de las autoridades educativas de las instituciones de educaci\u00f3n superior en la entidad, y adem\u00e1s, a invitaci\u00f3n expresa de la Secretar\u00eda, por representantes de Asociaciones de profesionistas y ciudadanos. <\/p>\n<p>Asimismo, la presidenta de la Comisi\u00f3n de Comunicaciones y Transportes, diputada Socorro Herrera inform\u00f3 que en asuntos generales se recibi\u00f3 a un grupo de ciudadanos que expusieron sus inquietudes sobre el ajuste a las tarifas del transporte p\u00fablico.<\/p>\n<p>Dijo \u201cno es la primera ocasi\u00f3n que tenemos este tipo de acercamientos con representantes de la sociedad civil, hemos estado recibiendo a dirigentes de estudiantes, de la sociedad civil y a los propios permisionarios, y cuantas veces nos pidan apertura lo vamos a hacer, porque, es a trav\u00e9s del dialogo como vamos a lograr mejores acuerdos\u201d.<\/p>\n<p>Puntualiz\u00f3 que en el tema del transporte p\u00fablico, \u201cnosotros nos vamos a sujetar a la ley y ahorita no nos marca tiempos para pensar en una revaloraci\u00f3n ni en una nueva propuesta de ajuste a la tarifa del transporte p\u00fablico\u201d.<\/p><\/div>\n","protected":false},"excerpt":{"rendered":"<p>San Luis Potos\u00ed 14\/2\/13.- La Comisi\u00f3n de Comunicaciones y Transportes del Congreso del Estado, inici\u00f3 con el an\u00e1lisis de la iniciativa para reformar la Ley de Transporte P\u00fablico en el Estado para hacer modificaciones en la integraci\u00f3n del Consejo Estatal de Transporte, en donde se &hellip; <\/p>\n","protected":false},"author":1,"featured_media":17874,"comment_status":"open","ping_status":"open","sticky":false,"template":"","format":"standard","meta":{"footnotes":""},"categories":[5],"tags":[],"class_list":["post-2904","post","type-post","status-publish","format-standard","has-post-thumbnail","hentry","category-politica"],"_links":{"self":[{"href":"https:\/\/amanecerhuasteco.com\/portal\/wp-json\/wp\/v2\/posts\/2904","targetHints":{"allow":["GET"]}}],"collection":[{"href":"https:\/\/amanecerhuasteco.com\/portal\/wp-json\/wp\/v2\/posts"}],"about":[{"href":"https:\/\/amanecerhuasteco.com\/portal\/wp-json\/wp\/v2\/types\/post"}],"author":[{"embeddable":true,"href":"https:\/\/amanecerhuasteco.com\/portal\/wp-json\/wp\/v2\/users\/1"}],"replies":[{"embeddable":true,"href":"https:\/\/amanecerhuasteco.com\/portal\/wp-json\/wp\/v2\/comments?post=2904"}],"version-history":[{"count":0,"href":"https:\/\/amanecerhuasteco.com\/portal\/wp-json\/wp\/v2\/posts\/2904\/revisions"}],"wp:featuredmedia":[{"embeddable":true,"href":"https:\/\/amanecerhuasteco.com\/portal\/wp-json\/wp\/v2\/media\/17874"}],"wp:attachment":[{"href":"https:\/\/amanecerhuasteco.com\/portal\/wp-json\/wp\/v2\/media?parent=2904"}],"wp:term":[{"taxonomy":"category","embeddable":true,"href":"https:\/\/amanecerhuasteco.com\/portal\/wp-json\/wp\/v2\/categories?post=2904"},{"taxonomy":"post_tag","embeddable":true,"href":"https:\/\/amanecerhuasteco.com\/portal\/wp-json\/wp\/v2\/tags?post=2904"}],"curies":[{"name":"wp","href":"https:\/\/api.w.org\/{rel}","templated":true}]}}