{"id":2911,"date":"2013-02-14T20:05:08","date_gmt":"2013-02-15T02:05:08","guid":{"rendered":"http:\/\/amanecerhuasteco.com\/portal\/2013\/02\/14\/apoya-partido-verde-mayor-impulso-a-la-prevencion-del-delito\/"},"modified":"2013-02-14T20:05:08","modified_gmt":"2013-02-15T02:05:08","slug":"apoya-partido-verde-mayor-impulso-a-la-prevencion-del-delito","status":"publish","type":"post","link":"https:\/\/amanecerhuasteco.com\/portal\/apoya-partido-verde-mayor-impulso-a-la-prevencion-del-delito\/","title":{"rendered":"APOYA PARTIDO VERDE MAYOR IMPULSO A LA PREVENCI\u00d3N DEL DELITO"},"content":{"rendered":"<div style=\"text-align: justify\"><span style=\"line-height: 1.3em\">San Luis Potos\u00ed 14\/2\/13.- El Partido Verde celebr\u00f3 que el Presidente Enrique Pe\u00f1a Nieto, instalara la Comisi\u00f3n Intersecretarial para la Prevenci\u00f3n Social de la Violencia y la Delincuencia, ya que el crimen organizado es uno de los principales males que aqueja a nuestro pa\u00eds.<\/span><\/div>\n<div style=\"text-align: justify\">\u00a0 \u00a0 \u00a0El Partido Verde, se\u00f1ala que ya era imperativo plantear una estrategia de combate al crimen organizado basada en la prevenci\u00f3n y no \u00fanicamente en el uso de la fuerza, ya que este m\u00e9todo no s\u00f3lo ha mostrado no ser efectivo sino que ha dejado un saldo superior a 100 mil homicidios en los \u00faltimos seis a\u00f1os, de acuerdo con datos del informe Indicadores de V\u00edctimas Visibles e Invisibles de Homicidio, publicado por M\u00e9xico Eval\u00faa en 2012.<\/div>\n<div style=\"text-align: justify\">\u00a0 \u00a0 \u00a0 \u00a0Explic\u00f3 que esta propuesta tiene la finalidad de combatir los factores que propician la proliferaci\u00f3n de la violencia desde la ra\u00edz, entre los que se encuentran la pobreza, la violencia intrafamiliar y el uso de drogas. Para esto se implementar\u00e1n planes en 251 municipios afectados gravemente por la delincuencia.<\/div>\n<div style=\"text-align: justify\">\u00a0 \u00a0 \u00a0Dicha comisi\u00f3n tiene un car\u00e1cter de pol\u00edtica p\u00fablica transversal, en el que participar\u00e1n diversas secretar\u00edas entre las que se encuentran la Secretar\u00eda de Gobernaci\u00f3n, Desarrollo Social, Educaci\u00f3n P\u00fablica, Hacienda y Salud entre otras.<\/div>\n","protected":false},"excerpt":{"rendered":"<p>San Luis Potos\u00ed 14\/2\/13.- El Partido Verde celebr\u00f3 que el Presidente Enrique Pe\u00f1a Nieto, instalara la Comisi\u00f3n Intersecretarial para la Prevenci\u00f3n Social de la Violencia y la Delincuencia, ya que el crimen organizado es uno de los principales males que aqueja a nuestro pa\u00eds. \u00a0 &hellip; <\/p>\n","protected":false},"author":1,"featured_media":17874,"comment_status":"open","ping_status":"open","sticky":false,"template":"","format":"standard","meta":{"footnotes":""},"categories":[5],"tags":[],"class_list":["post-2911","post","type-post","status-publish","format-standard","has-post-thumbnail","hentry","category-politica"],"_links":{"self":[{"href":"https:\/\/amanecerhuasteco.com\/portal\/wp-json\/wp\/v2\/posts\/2911","targetHints":{"allow":["GET"]}}],"collection":[{"href":"https:\/\/amanecerhuasteco.com\/portal\/wp-json\/wp\/v2\/posts"}],"about":[{"href":"https:\/\/amanecerhuasteco.com\/portal\/wp-json\/wp\/v2\/types\/post"}],"author":[{"embeddable":true,"href":"https:\/\/amanecerhuasteco.com\/portal\/wp-json\/wp\/v2\/users\/1"}],"replies":[{"embeddable":true,"href":"https:\/\/amanecerhuasteco.com\/portal\/wp-json\/wp\/v2\/comments?post=2911"}],"version-history":[{"count":0,"href":"https:\/\/amanecerhuasteco.com\/portal\/wp-json\/wp\/v2\/posts\/2911\/revisions"}],"wp:featuredmedia":[{"embeddable":true,"href":"https:\/\/amanecerhuasteco.com\/portal\/wp-json\/wp\/v2\/media\/17874"}],"wp:attachment":[{"href":"https:\/\/amanecerhuasteco.com\/portal\/wp-json\/wp\/v2\/media?parent=2911"}],"wp:term":[{"taxonomy":"category","embeddable":true,"href":"https:\/\/amanecerhuasteco.com\/portal\/wp-json\/wp\/v2\/categories?post=2911"},{"taxonomy":"post_tag","embeddable":true,"href":"https:\/\/amanecerhuasteco.com\/portal\/wp-json\/wp\/v2\/tags?post=2911"}],"curies":[{"name":"wp","href":"https:\/\/api.w.org\/{rel}","templated":true}]}}