{"id":2914,"date":"2013-02-16T18:09:19","date_gmt":"2013-02-17T00:09:19","guid":{"rendered":"http:\/\/amanecerhuasteco.com\/portal\/2013\/02\/16\/integra-smdif-plan-anual-de-atencion-a-menores-y-adolescentes\/"},"modified":"2013-02-16T18:09:19","modified_gmt":"2013-02-17T00:09:19","slug":"integra-smdif-plan-anual-de-atencion-a-menores-y-adolescentes","status":"publish","type":"post","link":"https:\/\/amanecerhuasteco.com\/portal\/integra-smdif-plan-anual-de-atencion-a-menores-y-adolescentes\/","title":{"rendered":"INTEGRA SMDIF PLAN ANUAL DE ATENCI\u00d3N A MENORES Y ADOLESCENTES"},"content":{"rendered":"<\/p>\n<p><strong>&#8211; Ser\u00e1 la gu\u00eda del plan integral de atenci\u00f3n a la infancia y a la adolescencia<br \/><\/strong><\/p>\n<div align=\"justify\">Ciudad Valles S.L.P. 14\/2\/13.- El pasado mi\u00e9rcoles 13 de febrero se llev\u00f3 a cabo la integraci\u00f3n del Plan Anual de la COMDIA (Comisi\u00f3n especializada en la tutela e inter\u00e9s superior de ni\u00f1os y adolescentes) de Cd. Valles. Dicho Plan emana de la instalaci\u00f3n de dicha comisi\u00f3n, realizada en el mes de enero y es el producto de la planeaci\u00f3n responsable de 6 mesas de trabajo, en las que se dise\u00f1aron acciones concretas desde el \u00e1mbito y la responsabilidad de quienes las integran.<br \/><img decoding=\"async\" src=\"images\/stories\/feb13\/comdia6.jpg\" border=\"0\" alt=\"INTEGRA SMDIF PLAN ANUAL DE ATENCI\u00d3N A MENORES Y ADOLESCENTES\" title=\"INTEGRA SMDIF PLAN ANUAL DE ATENCI\u00d3N A MENORES Y ADOLESCENTES\" align=\"right\" \/>\u00a0\u00a0\u00a0 Recordaremos que las mesas de trabajo, est\u00e1n formadas por grupos multidisciplinarios, que involucran funcionarios de gobierno, asociaciones civiles, iniciativa privada, autoridades religiosas, autoridades educativas, y responsables de instituciones p\u00fablicas de los niveles estatal y municipal, que actuar\u00e1n en referencia a los art\u00edculos se\u00f1alados en la Convenci\u00f3n de los Derechos de los ni\u00f1os, tratado internacional que M\u00e9xico ratific\u00f3 y que consta de 54 puntos que reconocen plenamente el derecho al desarrollo f\u00edsico, mental, social de los menores. La Convenci\u00f3n cuenta con 4 principios b\u00e1sicos para su aplicaci\u00f3n: no discriminaci\u00f3n, inter\u00e9s superior del ni\u00f1o, derecho a la vida, desarrollo y participaci\u00f3n.<br \/>\u00a0\u00a0\u00a0\u00a0 La integraci\u00f3n del Plan anual\u00a0 fue dirigida por Cecilia Guinea Corres, en su car\u00e1cter de Directora del SMDIF y Coordinadora General de la COMDIA, en las instalaciones del SMDIF, con la participaci\u00f3n entusiasta de los integrantes de las seis mesas de trabajo. <br \/>\u00a0\u00a0\u00a0\u00a0 El documento final en donde se plasmaron compromisos, calendarizaci\u00f3n y vinculaci\u00f3n para la realizaci\u00f3n de las acciones a favor de la infancia, ser\u00e1 la gu\u00eda de un extenso plan integral de atenci\u00f3n a la infancia y a la adolescencia durante la administraci\u00f3n del LAE Juan Jos\u00e9 Ortiz. Guinea Corres coment\u00f3 que en dicho documento, se integraron acciones de promoci\u00f3n, prevenci\u00f3n, protecci\u00f3n y rehabilitaci\u00f3n para ni\u00f1os y adolescentes en cuanto al cumplimiento pleno de sus derechos y en referencia a acciones concretas de salud, alimentaci\u00f3n, recreaci\u00f3n, tutela, libertades civiles y medidas especiales de protecci\u00f3n.<\/div>\n","protected":false},"excerpt":{"rendered":"<p>&#8211; Ser\u00e1 la gu\u00eda del plan integral de atenci\u00f3n a la infancia y a la adolescencia Ciudad Valles S.L.P. 14\/2\/13.- El pasado mi\u00e9rcoles 13 de febrero se llev\u00f3 a cabo la integraci\u00f3n del Plan Anual de la COMDIA (Comisi\u00f3n especializada en la tutela e inter\u00e9s &hellip; <\/p>\n","protected":false},"author":1,"featured_media":2913,"comment_status":"open","ping_status":"open","sticky":false,"template":"","format":"standard","meta":{"footnotes":""},"categories":[7],"tags":[],"class_list":["post-2914","post","type-post","status-publish","format-standard","has-post-thumbnail","hentry","category-ciudad"],"_links":{"self":[{"href":"https:\/\/amanecerhuasteco.com\/portal\/wp-json\/wp\/v2\/posts\/2914","targetHints":{"allow":["GET"]}}],"collection":[{"href":"https:\/\/amanecerhuasteco.com\/portal\/wp-json\/wp\/v2\/posts"}],"about":[{"href":"https:\/\/amanecerhuasteco.com\/portal\/wp-json\/wp\/v2\/types\/post"}],"author":[{"embeddable":true,"href":"https:\/\/amanecerhuasteco.com\/portal\/wp-json\/wp\/v2\/users\/1"}],"replies":[{"embeddable":true,"href":"https:\/\/amanecerhuasteco.com\/portal\/wp-json\/wp\/v2\/comments?post=2914"}],"version-history":[{"count":0,"href":"https:\/\/amanecerhuasteco.com\/portal\/wp-json\/wp\/v2\/posts\/2914\/revisions"}],"wp:featuredmedia":[{"embeddable":true,"href":"https:\/\/amanecerhuasteco.com\/portal\/wp-json\/wp\/v2\/media\/2913"}],"wp:attachment":[{"href":"https:\/\/amanecerhuasteco.com\/portal\/wp-json\/wp\/v2\/media?parent=2914"}],"wp:term":[{"taxonomy":"category","embeddable":true,"href":"https:\/\/amanecerhuasteco.com\/portal\/wp-json\/wp\/v2\/categories?post=2914"},{"taxonomy":"post_tag","embeddable":true,"href":"https:\/\/amanecerhuasteco.com\/portal\/wp-json\/wp\/v2\/tags?post=2914"}],"curies":[{"name":"wp","href":"https:\/\/api.w.org\/{rel}","templated":true}]}}