{"id":2918,"date":"2013-02-16T18:15:04","date_gmt":"2013-02-17T00:15:04","guid":{"rendered":"http:\/\/amanecerhuasteco.com\/portal\/2013\/02\/16\/analiza-concejo-municipal-de-seguridad-los-operativos-que-se-implementaran-en-el-fenahuap\/"},"modified":"2013-02-16T18:15:04","modified_gmt":"2013-02-17T00:15:04","slug":"analiza-concejo-municipal-de-seguridad-los-operativos-que-se-implementaran-en-el-fenahuap","status":"publish","type":"post","link":"https:\/\/amanecerhuasteco.com\/portal\/analiza-concejo-municipal-de-seguridad-los-operativos-que-se-implementaran-en-el-fenahuap\/","title":{"rendered":"ANALIZA CONCEJO MUNICIPAL DE SEGURIDAD LOS OPERATIVOS QUE SE IMPLEMENTARAN EN EL FENAHUAP"},"content":{"rendered":"<\/p>\n<p><strong>&#8211; Todas las corporaciones manifestaron su disponibilidad<br \/><\/strong><\/p>\n<div align=\"justify\">Ciudad Valles S.L.P. 14\/2\/13.- El Secretario del Ayuntamiento,\u00a0 Gilberto Almend\u00e1rez Mar\u00edn, presidi\u00f3 la Primera Sesi\u00f3n Ordinaria del Consejo de Seguridad P\u00fablica Municipal, que este jueves se desarroll\u00f3 en el Sal\u00f3n\u00a0 de Cabildo \u201cRafael Curiel Gallegos\u201d, en la cual se analiz\u00f3 todo lo referente\u00a0 a los operativos de seguridad y vigilancia que se implementar\u00e1n del 14 al\u00a0 31 de Marzo en el marco de la Feria Nacional de la Huasteca Potosina.<\/p>\n<p>En la reuni\u00f3n se cont\u00f3 con la presencia\u00a0 de los Directores y representantes de todas las corporaciones policiacas de la localidad, determin\u00e1ndose que la Direcci\u00f3n de Seguridad P\u00fablica del Estado ser\u00e1 responsable de la vigilancia al interior de la feria, en tanto que la\u00a0 de Seguridad P\u00fablica y Tr\u00e1nsito Municipal\u00a0 se har\u00e1 responsable del exterior, incluyendo la vialidad, con el fin de obtener los mejores resultados\u00a0\u00a0 toda vez que se trata de un evento de car\u00e1cter regional.<\/p>\n<p>Al mismo tiempo se dio a conocer que la Polic\u00eda Federal y la Ministerial se sumar\u00e1n a estos operativos con gran efectividad, adem\u00e1s de que se instalar\u00e1 en el interior de los terrenos de la feria, una Agencia del Ministerio P\u00fablico, con el fin de que se agilicen los tr\u00e1mites que tenga bajo su competencia resolver.<\/p>\n<p>Los titulares de las corporaciones policiacas\u00a0 manifestaron su plena disposici\u00f3n\u00a0 para ofrecer a los a visitantes\u00a0 seguridad para ellos y sus familias, al igual que para toda la ciudadan\u00eda de la localidad.<\/p>\n<p>La Coordinadora del Patronato de la Feria Nacional de la Huasteca Potosina, Lic. Yolanda Cepeda Echavarr\u00eda, agradeci\u00f3 el apoyo de todo el Concejo porque dijo al trabajar unidos y coordinadamente ser\u00e1 la ciudadan\u00eda la que obtenga los mejores resultados, fortaleci\u00e9ndose as\u00ed a la FENAHUAP en su pr\u00f3xima edici\u00f3n.<\/p><\/div>\n","protected":false},"excerpt":{"rendered":"<p>&#8211; Todas las corporaciones manifestaron su disponibilidad Ciudad Valles S.L.P. 14\/2\/13.- El Secretario del Ayuntamiento,\u00a0 Gilberto Almend\u00e1rez Mar\u00edn, presidi\u00f3 la Primera Sesi\u00f3n Ordinaria del Consejo de Seguridad P\u00fablica Municipal, que este jueves se desarroll\u00f3 en el Sal\u00f3n\u00a0 de Cabildo \u201cRafael Curiel Gallegos\u201d, en la cual &hellip; <\/p>\n","protected":false},"author":1,"featured_media":2917,"comment_status":"open","ping_status":"open","sticky":false,"template":"","format":"standard","meta":{"footnotes":""},"categories":[7],"tags":[],"class_list":["post-2918","post","type-post","status-publish","format-standard","has-post-thumbnail","hentry","category-ciudad"],"_links":{"self":[{"href":"https:\/\/amanecerhuasteco.com\/portal\/wp-json\/wp\/v2\/posts\/2918","targetHints":{"allow":["GET"]}}],"collection":[{"href":"https:\/\/amanecerhuasteco.com\/portal\/wp-json\/wp\/v2\/posts"}],"about":[{"href":"https:\/\/amanecerhuasteco.com\/portal\/wp-json\/wp\/v2\/types\/post"}],"author":[{"embeddable":true,"href":"https:\/\/amanecerhuasteco.com\/portal\/wp-json\/wp\/v2\/users\/1"}],"replies":[{"embeddable":true,"href":"https:\/\/amanecerhuasteco.com\/portal\/wp-json\/wp\/v2\/comments?post=2918"}],"version-history":[{"count":0,"href":"https:\/\/amanecerhuasteco.com\/portal\/wp-json\/wp\/v2\/posts\/2918\/revisions"}],"wp:featuredmedia":[{"embeddable":true,"href":"https:\/\/amanecerhuasteco.com\/portal\/wp-json\/wp\/v2\/media\/2917"}],"wp:attachment":[{"href":"https:\/\/amanecerhuasteco.com\/portal\/wp-json\/wp\/v2\/media?parent=2918"}],"wp:term":[{"taxonomy":"category","embeddable":true,"href":"https:\/\/amanecerhuasteco.com\/portal\/wp-json\/wp\/v2\/categories?post=2918"},{"taxonomy":"post_tag","embeddable":true,"href":"https:\/\/amanecerhuasteco.com\/portal\/wp-json\/wp\/v2\/tags?post=2918"}],"curies":[{"name":"wp","href":"https:\/\/api.w.org\/{rel}","templated":true}]}}