{"id":2920,"date":"2013-02-16T18:17:33","date_gmt":"2013-02-17T00:17:33","guid":{"rendered":"http:\/\/amanecerhuasteco.com\/portal\/2013\/02\/16\/presentan-programa-agenda-udesde-lo-localu\/"},"modified":"2013-02-16T18:17:33","modified_gmt":"2013-02-17T00:17:33","slug":"presentan-programa-agenda-udesde-lo-localu","status":"publish","type":"post","link":"https:\/\/amanecerhuasteco.com\/portal\/presentan-programa-agenda-udesde-lo-localu\/","title":{"rendered":"PRESENTAN PROGRAMA AGENDA \u00a8DESDE LO LOCAL\u00a8"},"content":{"rendered":"<div align=\"justify\"><\/div>\n<div align=\"justify\"><strong>&#8211; Garantiza a la ciudadan\u00eda servicios eficientes y procesos simplificados <br \/><\/strong>Ciudad Valles S.L.P. 14\/2\/13.- El Secretario del Gobierno Municipal de Ciudad Valles, Lic. Gilberto Almend\u00e1rez Mar\u00edn, en representaci\u00f3n del Alcalde Juan Jos\u00e9 Ortiz Azuara, presidi\u00f3 la\u00a0 reuni\u00f3n de presentaci\u00f3n del\u00a0 Programa de Agenda \u00a8Desde lo Local\u00a8, misma que estuvo a cargo de la Subdirectora de Innovaci\u00f3n y Calidad de los Servicios Municipales de la Coordinaci\u00f3n Estatal para el Fortalecimiento de los Municipios-CEFIM, Ing. Mariza Cepeda Guardilla.<\/p>\n<p>La reuni\u00f3n estuvo dirigida a regidores, s\u00edndicos, secretarios, subdirectores y directores del ayuntamiento y tuvo como principal objetivo el\u00a0 dar a conocer la Agenda \u00a8Desde lo Local\u00a8 como herramienta que mide el desempe\u00f1o de Gobierno y Administraciones Municipales, en base a los temas que no debe dejar de atender un municipio de acuerdo a la Ley, pero sobre todo por el compromiso que se contrae con la ciudadan\u00eda desde el primer instante en que se asume responsabilidad.<\/p>\n<p>E Lic. Almend\u00e1rez Mar\u00edn\u00a0 dio la bienvenida a los asistentes\u00a0 y refiri\u00e9ndose a la capacitaci\u00f3n para todo el personal en las funciones que cada uno desempe\u00f1a, dijo que se pondr\u00e1 todo el esfuerzo, sobre todo ahora que se concluy\u00f3 ya con la elaboraci\u00f3n del Plan de Desarrollo Municipal, porque ante todo es importante dar a la poblaci\u00f3n la certeza de que se est\u00e1 trabajando, de que se tiene un gobierno en movimiento.<\/p>\n<p>La funcionaria de la CEFIM\u00a0 afirm\u00f3 que\u00a0 Agenda \u00a8Desde lo Local\u00a8 acredita que un municipio cuenta con diagn\u00f3sticos actualizados, que se vincula con los otros \u00f3rdenes de gobierno, que gestiona programas, que cuenta con personal capacitado, que cumple con su marco jur\u00eddico y que optimiza recursos para cumplir con sus compromisos.<\/p>\n<p>Agreg\u00f3 que tambi\u00e9n\u00a0 impulsa la mejora continua y la cooperaci\u00f3n entre los tres \u00f3rdenes de gobierno para garantizarle a la ciudadan\u00eda servicios eficientes y procesos simplificados.<\/p><\/div>\n<div align=\"justify\"><img decoding=\"async\" src=\"images\/stories\/feb13\/agenda3.jpg\" border=\"0\" alt=\"PRESENTAN PROGRAMA AGENDA \u00a8DESDE LO LOCAL\u00a8\" title=\"PRESENTAN PROGRAMA AGENDA \u00a8DESDE LO LOCAL\u00a8\" \/> <\/div>\n","protected":false},"excerpt":{"rendered":"<p>&#8211; Garantiza a la ciudadan\u00eda servicios eficientes y procesos simplificados Ciudad Valles S.L.P. 14\/2\/13.- El Secretario del Gobierno Municipal de Ciudad Valles, Lic. Gilberto Almend\u00e1rez Mar\u00edn, en representaci\u00f3n del Alcalde Juan Jos\u00e9 Ortiz Azuara, presidi\u00f3 la\u00a0 reuni\u00f3n de presentaci\u00f3n del\u00a0 Programa de Agenda \u00a8Desde lo &hellip; <\/p>\n","protected":false},"author":1,"featured_media":2919,"comment_status":"open","ping_status":"open","sticky":false,"template":"","format":"standard","meta":{"footnotes":""},"categories":[7],"tags":[],"class_list":["post-2920","post","type-post","status-publish","format-standard","has-post-thumbnail","hentry","category-ciudad"],"_links":{"self":[{"href":"https:\/\/amanecerhuasteco.com\/portal\/wp-json\/wp\/v2\/posts\/2920","targetHints":{"allow":["GET"]}}],"collection":[{"href":"https:\/\/amanecerhuasteco.com\/portal\/wp-json\/wp\/v2\/posts"}],"about":[{"href":"https:\/\/amanecerhuasteco.com\/portal\/wp-json\/wp\/v2\/types\/post"}],"author":[{"embeddable":true,"href":"https:\/\/amanecerhuasteco.com\/portal\/wp-json\/wp\/v2\/users\/1"}],"replies":[{"embeddable":true,"href":"https:\/\/amanecerhuasteco.com\/portal\/wp-json\/wp\/v2\/comments?post=2920"}],"version-history":[{"count":0,"href":"https:\/\/amanecerhuasteco.com\/portal\/wp-json\/wp\/v2\/posts\/2920\/revisions"}],"wp:featuredmedia":[{"embeddable":true,"href":"https:\/\/amanecerhuasteco.com\/portal\/wp-json\/wp\/v2\/media\/2919"}],"wp:attachment":[{"href":"https:\/\/amanecerhuasteco.com\/portal\/wp-json\/wp\/v2\/media?parent=2920"}],"wp:term":[{"taxonomy":"category","embeddable":true,"href":"https:\/\/amanecerhuasteco.com\/portal\/wp-json\/wp\/v2\/categories?post=2920"},{"taxonomy":"post_tag","embeddable":true,"href":"https:\/\/amanecerhuasteco.com\/portal\/wp-json\/wp\/v2\/tags?post=2920"}],"curies":[{"name":"wp","href":"https:\/\/api.w.org\/{rel}","templated":true}]}}