{"id":2928,"date":"2013-02-16T18:27:15","date_gmt":"2013-02-17T00:27:15","guid":{"rendered":"http:\/\/amanecerhuasteco.com\/portal\/2013\/02\/16\/el-priismo-potosino-sera-escuchado-a-nivel-nacional\/"},"modified":"2013-02-16T18:27:15","modified_gmt":"2013-02-17T00:27:15","slug":"el-priismo-potosino-sera-escuchado-a-nivel-nacional","status":"publish","type":"post","link":"https:\/\/amanecerhuasteco.com\/portal\/el-priismo-potosino-sera-escuchado-a-nivel-nacional\/","title":{"rendered":"El Pri\u00edsmo Potosino ser\u00e1 escuchado a nivel nacional"},"content":{"rendered":"<div align=\"justify\"><\/div>\n<div align=\"justify\"><strong>\u2022 Inician los trabajos de la Asamblea Estatal.<br \/>\u2022 Hace 12 a\u00f1os que no se hacen una renovaci\u00f3n estatutaria con las dimensiones de ahora. \u00a0<br \/><\/strong>San Luis Potos\u00ed 15\/2\/13.- Con la nutrida presencia y participaci\u00f3n de destacados militantes de toda la Entidad, se dieron por iniciados los trabajos de la Asamblea Estatal en donde se discutir\u00e1n a fondo los temas m\u00e1s destacados por los pri\u00edstas potosinos durante las Asambleas Municipales realizadas en las pasadas semanas.<\/p>\n<p>Durante la instalaci\u00f3n de las mesas, el Dirigente Estatal, Fernando P\u00e9rez Espinosa\u00a0 resalt\u00f3 la participaci\u00f3n obtenida en todos los municipios de la entidad y explico el inter\u00e9s de escuchar todas las voces. \u201cTuvimos asambleas donde contamos con la numerosa participaci\u00f3n de militantes en municipios como San Luis Potos\u00ed, Charcas, Ciudad Valles y Rioverde, entre otros, y eso habla del deseo de los pri\u00edstas porque las cosas cambien\u201d.<\/p>\n<p>P\u00e9rez Espinosa agreg\u00f3 que con las Asambleas \u201clos pri\u00edstas vamos alineando nuestros documentos b\u00e1sicos a las reformas que requiere el pa\u00eds y donde de manera responsable debemos de apoyar la realizaci\u00f3n de compromisos que fueron establecidos en la campa\u00f1a presidencial\u201d.<\/p>\n<p>Las cuatro mesas instaladas abarcan los temas de Declaraci\u00f3n de Principios, Estatutos, Programas de Acci\u00f3n y Estrategias y Programas <\/p>\n<p>Por su parte, la Secretaria General del Partido Rosa Mar\u00eda Huerta Valdez, destac\u00f3 que el Priismo potosino est\u00e1 en constante preparaci\u00f3n para hacerse o\u00edr y luchar por su espacio a nivel nacional.<\/p>\n<p>\u201cSe equivocaron aquellos que en estos \u00faltimo a\u00f1os 20 a\u00f1os pensaron y vaticinaron que la transformaci\u00f3n democr\u00e1tica exig\u00ed la desaparici\u00f3n del PRI\u201d\u00a0 manifest\u00f3.<\/p>\n<p>La Secretaria General indic\u00f3 que el PRI no puede tener una Declaraci\u00f3n de Principios, Estatutos o Programas de Acci\u00f3n que se queden inm\u00f3viles, hay que poner las disposiciones ideol\u00f3gicas para ser m\u00e1s eficaces ante la sociedad.<\/p>\n<p>\u201cEstamos a un paso de la XXI Asamblea Nacional, y en este marco habremos de discutir como ya lo hemos iniciados desde hace tres semanas, con la realizaci\u00f3n de 58 Asambleas Municipales; el c\u00f3mo pensamos, c\u00f3mo debemos de adaptar y reformar nuestros documentos b\u00e1sicos, que son los que nos rigen, dan certeza y legalidad\u201d. <\/p><\/div>\n<div align=\"justify\"><img decoding=\"async\" src=\"images\/stories\/feb13\/asambleapri.jpg\" border=\"0\" alt=\"El Pri\u00edsmo Potosino ser\u00e1 escuchado a nivel nacional\" title=\"El Pri\u00edsmo Potosino ser\u00e1 escuchado a nivel nacional\" \/> <\/div>\n","protected":false},"excerpt":{"rendered":"<p>\u2022 Inician los trabajos de la Asamblea Estatal.\u2022 Hace 12 a\u00f1os que no se hacen una renovaci\u00f3n estatutaria con las dimensiones de ahora. \u00a0San Luis Potos\u00ed 15\/2\/13.- Con la nutrida presencia y participaci\u00f3n de destacados militantes de toda la Entidad, se dieron por iniciados los &hellip; <\/p>\n","protected":false},"author":1,"featured_media":2927,"comment_status":"open","ping_status":"open","sticky":false,"template":"","format":"standard","meta":{"footnotes":""},"categories":[5],"tags":[],"class_list":["post-2928","post","type-post","status-publish","format-standard","has-post-thumbnail","hentry","category-politica"],"_links":{"self":[{"href":"https:\/\/amanecerhuasteco.com\/portal\/wp-json\/wp\/v2\/posts\/2928","targetHints":{"allow":["GET"]}}],"collection":[{"href":"https:\/\/amanecerhuasteco.com\/portal\/wp-json\/wp\/v2\/posts"}],"about":[{"href":"https:\/\/amanecerhuasteco.com\/portal\/wp-json\/wp\/v2\/types\/post"}],"author":[{"embeddable":true,"href":"https:\/\/amanecerhuasteco.com\/portal\/wp-json\/wp\/v2\/users\/1"}],"replies":[{"embeddable":true,"href":"https:\/\/amanecerhuasteco.com\/portal\/wp-json\/wp\/v2\/comments?post=2928"}],"version-history":[{"count":0,"href":"https:\/\/amanecerhuasteco.com\/portal\/wp-json\/wp\/v2\/posts\/2928\/revisions"}],"wp:featuredmedia":[{"embeddable":true,"href":"https:\/\/amanecerhuasteco.com\/portal\/wp-json\/wp\/v2\/media\/2927"}],"wp:attachment":[{"href":"https:\/\/amanecerhuasteco.com\/portal\/wp-json\/wp\/v2\/media?parent=2928"}],"wp:term":[{"taxonomy":"category","embeddable":true,"href":"https:\/\/amanecerhuasteco.com\/portal\/wp-json\/wp\/v2\/categories?post=2928"},{"taxonomy":"post_tag","embeddable":true,"href":"https:\/\/amanecerhuasteco.com\/portal\/wp-json\/wp\/v2\/tags?post=2928"}],"curies":[{"name":"wp","href":"https:\/\/api.w.org\/{rel}","templated":true}]}}