{"id":2937,"date":"2013-02-16T18:36:01","date_gmt":"2013-02-17T00:36:01","guid":{"rendered":"http:\/\/amanecerhuasteco.com\/portal\/2013\/02\/16\/la-plaza-principal-recibira-nuevamente-a-los-artesanos-el-proximo-domingo\/"},"modified":"2013-02-16T18:36:01","modified_gmt":"2013-02-17T00:36:01","slug":"la-plaza-principal-recibira-nuevamente-a-los-artesanos-el-proximo-domingo","status":"publish","type":"post","link":"https:\/\/amanecerhuasteco.com\/portal\/la-plaza-principal-recibira-nuevamente-a-los-artesanos-el-proximo-domingo\/","title":{"rendered":"LA PLAZA PRINCIPAL  RECIBIRA NUEVAMENTE A LOS ARTESANOS EL PROXIMO DOMINGO"},"content":{"rendered":"<div align=\"justify\"><strong>-Invitan a todas las familias a asistir<br \/><\/strong>Ciudad Valles 16\/2\/13.-La Plaza Principal de la localidad se vestir\u00e1 nuevamente de\u00a0 color, m\u00fasica y sabor de nuestra regi\u00f3n, al recibir el pr\u00f3ximo domingo por segunda ocasi\u00f3n\u00a0 la instalaci\u00f3n del Pabell\u00f3n Artesanal\u00a0 del\u00a0 grupo de \u201cArtesanos en Movimiento\u201d, a partir de las 10 de la ma\u00f1ana y hasta las 6 de la tarde.<br \/><img decoding=\"async\" src=\"images\/stories\/feb13\/artesanos2.jpg\" border=\"0\" alt=\"LA PLAZA PRINCIPAL  RECIBIRA NUEVAMENTE A LOS ARTESANOS EL PROXIMO DOMINGO\" title=\"LA PLAZA PRINCIPAL  RECIBIRA NUEVAMENTE A LOS ARTESANOS EL PROXIMO DOMINGO\" align=\"right\" \/>\u00a0\u00a0\u00a0 La Directora de Empleo y Desarrollo Empresarial, Ninfa Victoria Ramos Rodr\u00edguez, hizo una atenta invitaci\u00f3n\u00a0 a las familias Vallenses para que se den cita en la plaza principal y disfruten de artesan\u00edas y productos\u00a0 comestibles, entre los que se encuentran artesan\u00edas en palma, bordado t\u00e9nek, accesorios elaborados a base de semillas, caf\u00e9 y piedras, art\u00edculos fabricados con pasta artesanal, bordados y tejidos, nieves, miel 100% natural, jugo de ca\u00f1a elaborado a la vista del p\u00fablico, zacahuil, piloncillo granulado, piloncillo industrial, dulces de calabaza, tepache, invitaciones y dem\u00e1s art\u00edculos para eventos 100% artesanales.<br \/>\u00a0\u00a0\u00a0\u00a0 Reiter\u00f3 que esta es una gran oportunidad para que las familias de nuestra ciudad puedan divertirse y al mismo tiempo conocer las grandes cosas que hacen las manos de nuestros artesanos, y debido a la petici\u00f3n de los integrantes de dicho pabell\u00f3n y al \u00e9xito que se tuvo reflejado en las altas ventas se estar\u00e1 instalando cada 15 d\u00edas en la plaza principal con la finalidad de exhibir y vender sus productos.<br \/>\u00a0\u00a0\u00a0\u00a0\u00a0 Cabe destacar que por su parte el Director de Capacitaci\u00f3n para el Trabajo, Aldo Eduardo Lara Castillo, dio a conocer que en coordinaci\u00f3n con la Direcci\u00f3n de Empleo y Desarrollo Empresarial, se imparti\u00f3 al grupo de Artesanos en Movimiento la capacitaci\u00f3n \u201cCalidad\u00a0 en el Servicio\u201d, misma que tuvo gran aceptaci\u00f3n e incluso los 15 participantes solicitaron ser incluidos en otras acciones similares que a futuro se lleven a cabo.<\/div>\n","protected":false},"excerpt":{"rendered":"<p>-Invitan a todas las familias a asistirCiudad Valles 16\/2\/13.-La Plaza Principal de la localidad se vestir\u00e1 nuevamente de\u00a0 color, m\u00fasica y sabor de nuestra regi\u00f3n, al recibir el pr\u00f3ximo domingo por segunda ocasi\u00f3n\u00a0 la instalaci\u00f3n del Pabell\u00f3n Artesanal\u00a0 del\u00a0 grupo de \u201cArtesanos en Movimiento\u201d, a &hellip; <\/p>\n","protected":false},"author":1,"featured_media":2936,"comment_status":"open","ping_status":"open","sticky":false,"template":"","format":"standard","meta":{"footnotes":""},"categories":[7],"tags":[],"class_list":["post-2937","post","type-post","status-publish","format-standard","has-post-thumbnail","hentry","category-ciudad"],"_links":{"self":[{"href":"https:\/\/amanecerhuasteco.com\/portal\/wp-json\/wp\/v2\/posts\/2937","targetHints":{"allow":["GET"]}}],"collection":[{"href":"https:\/\/amanecerhuasteco.com\/portal\/wp-json\/wp\/v2\/posts"}],"about":[{"href":"https:\/\/amanecerhuasteco.com\/portal\/wp-json\/wp\/v2\/types\/post"}],"author":[{"embeddable":true,"href":"https:\/\/amanecerhuasteco.com\/portal\/wp-json\/wp\/v2\/users\/1"}],"replies":[{"embeddable":true,"href":"https:\/\/amanecerhuasteco.com\/portal\/wp-json\/wp\/v2\/comments?post=2937"}],"version-history":[{"count":0,"href":"https:\/\/amanecerhuasteco.com\/portal\/wp-json\/wp\/v2\/posts\/2937\/revisions"}],"wp:featuredmedia":[{"embeddable":true,"href":"https:\/\/amanecerhuasteco.com\/portal\/wp-json\/wp\/v2\/media\/2936"}],"wp:attachment":[{"href":"https:\/\/amanecerhuasteco.com\/portal\/wp-json\/wp\/v2\/media?parent=2937"}],"wp:term":[{"taxonomy":"category","embeddable":true,"href":"https:\/\/amanecerhuasteco.com\/portal\/wp-json\/wp\/v2\/categories?post=2937"},{"taxonomy":"post_tag","embeddable":true,"href":"https:\/\/amanecerhuasteco.com\/portal\/wp-json\/wp\/v2\/tags?post=2937"}],"curies":[{"name":"wp","href":"https:\/\/api.w.org\/{rel}","templated":true}]}}