{"id":2948,"date":"2013-02-18T21:21:26","date_gmt":"2013-02-19T03:21:26","guid":{"rendered":"http:\/\/amanecerhuasteco.com\/portal\/2013\/02\/18\/primarias-bilingues-en-honores-a-los-simbolos-patrios\/"},"modified":"2013-02-18T21:21:26","modified_gmt":"2013-02-19T03:21:26","slug":"primarias-bilingues-en-honores-a-los-simbolos-patrios","status":"publish","type":"post","link":"https:\/\/amanecerhuasteco.com\/portal\/primarias-bilingues-en-honores-a-los-simbolos-patrios\/","title":{"rendered":"PRIMARIAS BILINGUES EN HONORES A LOS SIMBOLOS PATRIOS"},"content":{"rendered":"<div align=\"justify\"><\/div>\n<div align=\"justify\"><strong>&#8211; Con motivo del D\u00eda Internacional de la Lengua Materna<br \/><\/strong>Ciudad Valles S.L.P. 18\/2\/13.-El Presidente Municipal, Lic. Juan Jos\u00e9 Ortiz Azuara encabez\u00f3 este lunes el acto c\u00edvico de honores a la bandera que cada lunes se desarrolla en la Plaza Principal de la localidad, y que en esta ocasi\u00f3n estuvo enmarcado en el D\u00eda Internacional del a\u00a0 Lengua Materna que se celebra el pr\u00f3ximo 21 de febrero.<br \/>Por este motivo, en el evento de honores a los s\u00edmbolos patrios se cont\u00f3 con la participaci\u00f3n de las primarias biling\u00fces de Ignacio Zaragoza y de Barrio de Guadalupe del Ejido La Subida, as\u00ed como la presencia del Representante de Educaci\u00f3n Ind\u00edgena de la URSE Huasteca Norte, Magdaleno Medina Rubio, marco en el cual el Himno Nacional Mexicano se enton\u00f3 en lengua T\u00e9nek.<br \/>Cabe se\u00f1alar que en este mismo lugar, alumnos y maestros de la escuela primaria Tierra y Libertad, que representar\u00e1 a Ciudad Valles en la competencia estatal de B\u00e1squet bol femenino, solicit\u00f3 el apoyo del municipio, as\u00ed como de las personas ah\u00ed presentes, para poder solventar los gastos de traslado y estancia a la ciudad capital el pr\u00f3ximo 10 de marzo.<br \/>El Alcalde Ortiz Azuara, se refiri\u00f3 al D\u00eda Internacional de la Lengua Materna, que se implement\u00f3\u00a0 a ra\u00edz de un movimiento ciudadano en 1952 en Bangladesh, que nos deja como ejemplo el luchar por nuestros or\u00edgenes, por la identidad de nuestras costumbres y tradiciones, reconocer plenamente su importancia, para poder darle identidad a nuestro presente.<br \/>Agreg\u00f3 que el Gobierno actual se ha caracterizado por reconocer la actividad\u00a0 de los grupos ind\u00edgenas del municipio, por consiguiente se difunde el autoempleo y se promueve la venta de artesan\u00edas, buscando en primer punto\u00a0 el integrar un padr\u00f3n de artesanos o el reconocimiento oficial de sus productos.<br \/>Resalt\u00f3 que se ha gestionado apoyo de la federaci\u00f3n para dar m\u00e1s importancia a la prevenci\u00f3n del delito, puesto que se est\u00e1 convencido que la erradicaci\u00f3n de la violencia no se obtendr\u00e1 a trav\u00e9s de la adquisici\u00f3n de armamento, patrullas y tecnolog\u00eda, sino a trav\u00e9s de m\u00e9todos como la denuncia y el fomento de los valores familiares, a lo que la administraci\u00f3n actual le apuesta en conjunto con el seguimiento\u00a0 al Plan de Desarrollo Municipal\u00a0 que ya se present\u00f3 y que regir\u00e1 el actuar de la administraci\u00f3n, en donde no habr\u00e1 ning\u00fan funcionario o empleado que no se ponga a trabajar, para que este Gobierno\u00a0 trascienda en beneficio de la comunidad.<\/div>\n<div align=\"justify\"><img decoding=\"async\" src=\"images\/stories\/feb13\/honores2.jpg\" border=\"0\" alt=\"PRIMARIAS BILINGUES EN HONORES A LOS SIMBOLOS PATRIOS \" title=\"PRIMARIAS BILINGUES EN HONORES A LOS SIMBOLOS PATRIOS \" \/> <\/div>\n","protected":false},"excerpt":{"rendered":"<p>&#8211; Con motivo del D\u00eda Internacional de la Lengua MaternaCiudad Valles S.L.P. 18\/2\/13.-El Presidente Municipal, Lic. Juan Jos\u00e9 Ortiz Azuara encabez\u00f3 este lunes el acto c\u00edvico de honores a la bandera que cada lunes se desarrolla en la Plaza Principal de la localidad, y que &hellip; <\/p>\n","protected":false},"author":1,"featured_media":2947,"comment_status":"open","ping_status":"open","sticky":false,"template":"","format":"standard","meta":{"footnotes":""},"categories":[7],"tags":[],"class_list":["post-2948","post","type-post","status-publish","format-standard","has-post-thumbnail","hentry","category-ciudad"],"_links":{"self":[{"href":"https:\/\/amanecerhuasteco.com\/portal\/wp-json\/wp\/v2\/posts\/2948","targetHints":{"allow":["GET"]}}],"collection":[{"href":"https:\/\/amanecerhuasteco.com\/portal\/wp-json\/wp\/v2\/posts"}],"about":[{"href":"https:\/\/amanecerhuasteco.com\/portal\/wp-json\/wp\/v2\/types\/post"}],"author":[{"embeddable":true,"href":"https:\/\/amanecerhuasteco.com\/portal\/wp-json\/wp\/v2\/users\/1"}],"replies":[{"embeddable":true,"href":"https:\/\/amanecerhuasteco.com\/portal\/wp-json\/wp\/v2\/comments?post=2948"}],"version-history":[{"count":0,"href":"https:\/\/amanecerhuasteco.com\/portal\/wp-json\/wp\/v2\/posts\/2948\/revisions"}],"wp:featuredmedia":[{"embeddable":true,"href":"https:\/\/amanecerhuasteco.com\/portal\/wp-json\/wp\/v2\/media\/2947"}],"wp:attachment":[{"href":"https:\/\/amanecerhuasteco.com\/portal\/wp-json\/wp\/v2\/media?parent=2948"}],"wp:term":[{"taxonomy":"category","embeddable":true,"href":"https:\/\/amanecerhuasteco.com\/portal\/wp-json\/wp\/v2\/categories?post=2948"},{"taxonomy":"post_tag","embeddable":true,"href":"https:\/\/amanecerhuasteco.com\/portal\/wp-json\/wp\/v2\/tags?post=2948"}],"curies":[{"name":"wp","href":"https:\/\/api.w.org\/{rel}","templated":true}]}}