{"id":2952,"date":"2013-02-19T20:17:10","date_gmt":"2013-02-20T02:17:10","guid":{"rendered":"http:\/\/amanecerhuasteco.com\/portal\/2013\/02\/19\/obras-publicas-revisa-alumbrado-en-la-zona-rural-y-la-feria\/"},"modified":"2013-02-19T20:17:10","modified_gmt":"2013-02-20T02:17:10","slug":"obras-publicas-revisa-alumbrado-en-la-zona-rural-y-la-feria","status":"publish","type":"post","link":"https:\/\/amanecerhuasteco.com\/portal\/obras-publicas-revisa-alumbrado-en-la-zona-rural-y-la-feria\/","title":{"rendered":"OBRAS PUBLICAS REVISA ALUMBRADO EN LA ZONA RURAL Y LA FERIA"},"content":{"rendered":"<div style=\"text-align: justify\"><span style=\"line-height: 1.3em\"><strong>&#8211; Asistieron m\u00e1s de 400 personas de la zona ind\u00edgena<\/strong><\/span><\/div>\n<div style=\"text-align: justify\"><span style=\"line-height: 1.3em\">Ciudad Valles S.L.P. 20\/2\/13.-El Gobierno Municipal de Ciudad Valles, a trav\u00e9s del Departamento de Alumbrado P\u00fablico, de la Direcci\u00f3n de Obras P\u00fablicas, llev\u00f3 a cabo la revisi\u00f3n del sistema de alumbrado en la zona rural del municipio, como lo fue en Coyoles, El Maguey y Ojo de Agua; as\u00ed como en los terrenos de la feria a pocos d\u00edas de que se lleve a cabo el magno evento.<\/span><\/div>\n<div style=\"text-align: justify\">Esta misma revisi\u00f3n se efect\u00fao en la Alameda, L\u00e1zaro C\u00e1rdenas, Jard\u00edn Hidalgo, Las Brisas, San Rafael, Del Campo, Campo Santa Luc\u00eda, en la Zona Centro, La Pimienta, Las Huastecas, Fraccionamiento Cecyt, Col. Obrera, Puente La Lagartija, Bellavista, Vista Hermosa, L\u00e1zaro C\u00e1rdenas, Palo de Rosa, Praderas del R\u00edo, Ampliaci\u00f3n La Hincada y sem\u00e1foros de varios puntos de la ciudad.<\/div>\n<div style=\"text-align: justify\">La Directora de Obras P\u00fablicas Municipales, Arq. Olga Mar\u00eda Manzano Tabernilla, dio a conocer lo anterior conforme al reporte de Esteban Vidales, Responsable de Alumbrado y agreg\u00f3 que en lo que corresponde al \u00c1rea de Maquinaria, en donde est\u00e1 al frente Juan Manuel Delgado Garc\u00eda, se trabaj\u00f3 con la motoconformadora, la retroexcavadora y el vibrocompactador en labores de limpieza, rastreo y cuneteo en El Tamarindo, El Mocoque, La Lima, Colonia Real Campestre, Gregorio Osuna, en el basurero municipal, Zona T\u00e9nek, en la lateral de la carretera al ingenio y La M\u00e1rquez.<\/div>\n<div style=\"text-align: justify\">En lo que respecta al Departamento de Limpieza, a cargo de Marcos Ba\u00f1uelos Garc\u00eda, indic\u00f3 que se continu\u00f3 con la cobertura de rutas que, por ejemplo, los lunes es de hasta 13 rutas al d\u00eda en el turno matutino; de 9 rutas en el vespertino, como ocurre \u00a0pr\u00e1cticamente a diario de lunes a viernes, en tanto que el turno nocturno se mantiene con 2 rutas.<\/div>\n","protected":false},"excerpt":{"rendered":"<p>&#8211; Asistieron m\u00e1s de 400 personas de la zona ind\u00edgena Ciudad Valles S.L.P. 20\/2\/13.-El Gobierno Municipal de Ciudad Valles, a trav\u00e9s del Departamento de Alumbrado P\u00fablico, de la Direcci\u00f3n de Obras P\u00fablicas, llev\u00f3 a cabo la revisi\u00f3n del sistema de alumbrado en la zona rural &hellip; <\/p>\n","protected":false},"author":1,"featured_media":17874,"comment_status":"open","ping_status":"open","sticky":false,"template":"","format":"standard","meta":{"footnotes":""},"categories":[7],"tags":[],"class_list":["post-2952","post","type-post","status-publish","format-standard","has-post-thumbnail","hentry","category-ciudad"],"_links":{"self":[{"href":"https:\/\/amanecerhuasteco.com\/portal\/wp-json\/wp\/v2\/posts\/2952","targetHints":{"allow":["GET"]}}],"collection":[{"href":"https:\/\/amanecerhuasteco.com\/portal\/wp-json\/wp\/v2\/posts"}],"about":[{"href":"https:\/\/amanecerhuasteco.com\/portal\/wp-json\/wp\/v2\/types\/post"}],"author":[{"embeddable":true,"href":"https:\/\/amanecerhuasteco.com\/portal\/wp-json\/wp\/v2\/users\/1"}],"replies":[{"embeddable":true,"href":"https:\/\/amanecerhuasteco.com\/portal\/wp-json\/wp\/v2\/comments?post=2952"}],"version-history":[{"count":0,"href":"https:\/\/amanecerhuasteco.com\/portal\/wp-json\/wp\/v2\/posts\/2952\/revisions"}],"wp:featuredmedia":[{"embeddable":true,"href":"https:\/\/amanecerhuasteco.com\/portal\/wp-json\/wp\/v2\/media\/17874"}],"wp:attachment":[{"href":"https:\/\/amanecerhuasteco.com\/portal\/wp-json\/wp\/v2\/media?parent=2952"}],"wp:term":[{"taxonomy":"category","embeddable":true,"href":"https:\/\/amanecerhuasteco.com\/portal\/wp-json\/wp\/v2\/categories?post=2952"},{"taxonomy":"post_tag","embeddable":true,"href":"https:\/\/amanecerhuasteco.com\/portal\/wp-json\/wp\/v2\/tags?post=2952"}],"curies":[{"name":"wp","href":"https:\/\/api.w.org\/{rel}","templated":true}]}}