{"id":2954,"date":"2013-02-19T20:25:03","date_gmt":"2013-02-20T02:25:03","guid":{"rendered":"http:\/\/amanecerhuasteco.com\/portal\/2013\/02\/19\/alcalde-presente-en-desayuno-alusivo-al-dia-del-ejercito\/"},"modified":"2013-02-19T20:25:03","modified_gmt":"2013-02-20T02:25:03","slug":"alcalde-presente-en-desayuno-alusivo-al-dia-del-ejercito","status":"publish","type":"post","link":"https:\/\/amanecerhuasteco.com\/portal\/alcalde-presente-en-desayuno-alusivo-al-dia-del-ejercito\/","title":{"rendered":"ALCALDE PRESENTE EN DESAYUNO ALUSIVO AL DIA DEL EJ\u00c9RCITO"},"content":{"rendered":"<div align=\"justify\"><\/div>\n<div align=\"justify\"><strong>&#8211; Invocan a la lealtad al pueblo de M\u00e9xico<br \/><\/strong>Ciudad Valles 19\/2\/13.-El Presidente Municipal, Lic. Juan Jos\u00e9 Ortiz Azuara, estuvo presente en el desayuno alusivo a los 100 a\u00f1os del D\u00eda del Ej\u00e9rcito y de la Fuerza A\u00e9rea Mexicana, que este 19 de febrero se llev\u00f3 a cabo en las instalaciones del Trig\u00e9simo Sexto Batall\u00f3n de Infanter\u00eda, encabezado por el Comandante, Alejandro Barrera Leal.<br \/>El mismo comandante ley\u00f3 la rese\u00f1a hist\u00f3rica del D\u00eda del Ej\u00e9rcito, refiri\u00e9ndose a\u00a0 100 a\u00f1os de lealtad, reiterando que la tarea del soldado, hoy es profesional \u201cestamos preparados para seguirlos guardando\u201d al mismo tiempo que invoc\u00f3 a la\u00a0 lealtad al pueblo de M\u00e9xico.<br \/>Barrera Leal, afirm\u00f3 que para el ej\u00e9rcito no hay ni norte ni sur, sino visiones que cumplir, \u201cestamos tan lejos y tan fuertes como lo requiera M\u00e9xico, el ej\u00e9rcito y la fuerza a\u00e9rea est\u00e1n a sus \u00f3rdenes\u201d<br \/>El evento\u00a0 transcurri\u00f3 en un ambiente de armon\u00eda, amenizado por musicales de huapangos, tr\u00edos y\u00a0 mariachi, que incluso fueron entonadas por los presentes.<\/div>\n<div align=\"justify\"><img decoding=\"async\" src=\"images\/stories\/feb13\/ejercito2.jpg\" border=\"0\" alt=\"ALCALDE PRESENTE EN DESAYUNO ALUSIVO AL DIA DEL EJ\u00c9RCITO\" title=\"ALCALDE PRESENTE EN DESAYUNO ALUSIVO AL DIA DEL EJ\u00c9RCITO\" \/> <\/div>\n","protected":false},"excerpt":{"rendered":"<p>&#8211; Invocan a la lealtad al pueblo de M\u00e9xicoCiudad Valles 19\/2\/13.-El Presidente Municipal, Lic. Juan Jos\u00e9 Ortiz Azuara, estuvo presente en el desayuno alusivo a los 100 a\u00f1os del D\u00eda del Ej\u00e9rcito y de la Fuerza A\u00e9rea Mexicana, que este 19 de febrero se llev\u00f3 &hellip; <\/p>\n","protected":false},"author":1,"featured_media":2953,"comment_status":"open","ping_status":"open","sticky":false,"template":"","format":"standard","meta":{"footnotes":""},"categories":[7],"tags":[],"class_list":["post-2954","post","type-post","status-publish","format-standard","has-post-thumbnail","hentry","category-ciudad"],"_links":{"self":[{"href":"https:\/\/amanecerhuasteco.com\/portal\/wp-json\/wp\/v2\/posts\/2954","targetHints":{"allow":["GET"]}}],"collection":[{"href":"https:\/\/amanecerhuasteco.com\/portal\/wp-json\/wp\/v2\/posts"}],"about":[{"href":"https:\/\/amanecerhuasteco.com\/portal\/wp-json\/wp\/v2\/types\/post"}],"author":[{"embeddable":true,"href":"https:\/\/amanecerhuasteco.com\/portal\/wp-json\/wp\/v2\/users\/1"}],"replies":[{"embeddable":true,"href":"https:\/\/amanecerhuasteco.com\/portal\/wp-json\/wp\/v2\/comments?post=2954"}],"version-history":[{"count":0,"href":"https:\/\/amanecerhuasteco.com\/portal\/wp-json\/wp\/v2\/posts\/2954\/revisions"}],"wp:featuredmedia":[{"embeddable":true,"href":"https:\/\/amanecerhuasteco.com\/portal\/wp-json\/wp\/v2\/media\/2953"}],"wp:attachment":[{"href":"https:\/\/amanecerhuasteco.com\/portal\/wp-json\/wp\/v2\/media?parent=2954"}],"wp:term":[{"taxonomy":"category","embeddable":true,"href":"https:\/\/amanecerhuasteco.com\/portal\/wp-json\/wp\/v2\/categories?post=2954"},{"taxonomy":"post_tag","embeddable":true,"href":"https:\/\/amanecerhuasteco.com\/portal\/wp-json\/wp\/v2\/tags?post=2954"}],"curies":[{"name":"wp","href":"https:\/\/api.w.org\/{rel}","templated":true}]}}