{"id":2967,"date":"2013-02-20T20:40:14","date_gmt":"2013-02-21T02:40:14","guid":{"rendered":"http:\/\/amanecerhuasteco.com\/portal\/2013\/02\/20\/municipio-se-prepara-para-hacer-frente-a-la-sequina\/"},"modified":"2013-02-20T20:40:14","modified_gmt":"2013-02-21T02:40:14","slug":"municipio-se-prepara-para-hacer-frente-a-la-sequina","status":"publish","type":"post","link":"https:\/\/amanecerhuasteco.com\/portal\/municipio-se-prepara-para-hacer-frente-a-la-sequina\/","title":{"rendered":"MUNICIPIO SE PREPARA PARA HACER FRENTE A LA SEQUIA"},"content":{"rendered":"<div align=\"justify\"><\/div>\n<div align=\"justify\"><strong>&#8211; A partir de la pr\u00f3xima semana se contar\u00e1 con 5 pipas<br \/><\/strong>Ciudad Valles 2013\/2\/20.- El Presidente Municipal, Juan Jos\u00e9 Ortiz Azuara, dio a conocer que la administraci\u00f3n a su cargo\u00a0 se prepara para hacer frente a la temporada de sequ\u00eda y con ello a la necesidad de\u00a0 agua a la que se enfrentar\u00e1n familias sobre toda de la zona rural e ind\u00edgena y como parte de ello anunci\u00f3 que se adquirieron 3 pipas nuevas con las que se prestar\u00e1 ese servicio a la poblaci\u00f3n.<br \/>\u00a0\u00a0\u00a0\u00a0\u00a0\u00a0 Indic\u00f3 que las pipas\u00a0 llegar\u00e1n la pr\u00f3xima semana y a ellas se sumar\u00e1n las 2 existentes, de tal manera que la distribuci\u00f3n a ejidos y comunidades se har\u00e1 con 5 pipas, m\u00e1s resalt\u00f3 que varios amigos han puesto a su disposici\u00f3n unidades similares para en caso de ser necesario.<br \/>\u00a0\u00a0\u00a0\u00a0\u00a0 Del mismo modo se refiri\u00f3 que se comenzar\u00e1 a trabajar tambi\u00e9n en la construcci\u00f3n de bordos\u00a0 a trav\u00e9s de Proyectos Productivos, con aportaciones de 50% el municipio y 50% los beneficiarios.<\/div>\n","protected":false},"excerpt":{"rendered":"<p>&#8211; A partir de la pr\u00f3xima semana se contar\u00e1 con 5 pipasCiudad Valles 2013\/2\/20.- El Presidente Municipal, Juan Jos\u00e9 Ortiz Azuara, dio a conocer que la administraci\u00f3n a su cargo\u00a0 se prepara para hacer frente a la temporada de sequ\u00eda y con ello a la &hellip; <\/p>\n","protected":false},"author":1,"featured_media":2966,"comment_status":"open","ping_status":"open","sticky":false,"template":"","format":"standard","meta":{"footnotes":""},"categories":[7],"tags":[],"class_list":["post-2967","post","type-post","status-publish","format-standard","has-post-thumbnail","hentry","category-ciudad"],"_links":{"self":[{"href":"https:\/\/amanecerhuasteco.com\/portal\/wp-json\/wp\/v2\/posts\/2967","targetHints":{"allow":["GET"]}}],"collection":[{"href":"https:\/\/amanecerhuasteco.com\/portal\/wp-json\/wp\/v2\/posts"}],"about":[{"href":"https:\/\/amanecerhuasteco.com\/portal\/wp-json\/wp\/v2\/types\/post"}],"author":[{"embeddable":true,"href":"https:\/\/amanecerhuasteco.com\/portal\/wp-json\/wp\/v2\/users\/1"}],"replies":[{"embeddable":true,"href":"https:\/\/amanecerhuasteco.com\/portal\/wp-json\/wp\/v2\/comments?post=2967"}],"version-history":[{"count":0,"href":"https:\/\/amanecerhuasteco.com\/portal\/wp-json\/wp\/v2\/posts\/2967\/revisions"}],"wp:featuredmedia":[{"embeddable":true,"href":"https:\/\/amanecerhuasteco.com\/portal\/wp-json\/wp\/v2\/media\/2966"}],"wp:attachment":[{"href":"https:\/\/amanecerhuasteco.com\/portal\/wp-json\/wp\/v2\/media?parent=2967"}],"wp:term":[{"taxonomy":"category","embeddable":true,"href":"https:\/\/amanecerhuasteco.com\/portal\/wp-json\/wp\/v2\/categories?post=2967"},{"taxonomy":"post_tag","embeddable":true,"href":"https:\/\/amanecerhuasteco.com\/portal\/wp-json\/wp\/v2\/tags?post=2967"}],"curies":[{"name":"wp","href":"https:\/\/api.w.org\/{rel}","templated":true}]}}