{"id":2984,"date":"2013-02-21T20:33:35","date_gmt":"2013-02-22T02:33:35","guid":{"rendered":"http:\/\/amanecerhuasteco.com\/portal\/2013\/02\/21\/exponen-materiales-graficos-en-nahuatl-y-tenek\/"},"modified":"2013-02-21T20:33:35","modified_gmt":"2013-02-22T02:33:35","slug":"exponen-materiales-graficos-en-nahuatl-y-tenek","status":"publish","type":"post","link":"https:\/\/amanecerhuasteco.com\/portal\/exponen-materiales-graficos-en-nahuatl-y-tenek\/","title":{"rendered":"EXPONEN MATERIALES GRAFICOS EN N\u00c1HUATL Y T\u00c9NEK"},"content":{"rendered":"<div align=\"justify\"><\/div>\n<div align=\"justify\"><strong>&#8211; Con motivo del D\u00eda Internacional de la Lengua Materna <br \/><\/strong>Ciudad Valles 21\/2\/13.-Una exposici\u00f3n de materiales gr\u00e1ficos\u00a0 escritos en lengua\u00a0 N\u00e1huatl y T\u00e9nek, se llev\u00f3 a cabo la ma\u00f1ana de este 21 de febrero en la\u00a0 Plaza Principal, con motivo del D\u00eda Internacional de la Lengua Materna, cont\u00e1ndose con la asistencia del Presidente Municipal, Lic. Juan Jos\u00e9 Ortiz Azuara, as\u00ed lo dio a conocer el Director de Asuntos Ind\u00edgenas, Cupertino Hern\u00e1ndez Flores.<br \/>La exposici\u00f3n de libros y carteles inici\u00f3 esta ma\u00f1ana, y fue calificada por el propio funcionario municipal\u00a0 como muy importante, porque es un privilegio el hablar n\u00e1huatl y\/o t\u00e9nek adem\u00e1s del espa\u00f1ol\u00a0 en nuestra regi\u00f3n.<br \/>Agreg\u00f3 que los ind\u00edgenas que hablan\u00a0 su lengua materna deben de sentirse orgullosos de lo que son, aunque al mismo tiempo reconoci\u00f3 que cada vez son menos las personas que la hablen, ya que paulatinamente se pierde el inter\u00e9s, sobre todo, porque cada vez son m\u00e1s los ind\u00edgenas que emigran a otros lugares o estados en busca de trabajo, en donde les proh\u00edben\u00a0 que se expresen en su lengua.<br \/>Hern\u00e1ndez Flores\u00a0 invit\u00f3 a ni\u00f1os y j\u00f3venes a seguir hablando su lengua materna y sentirse orgullosos de ello, porque como personas valen lo mismo que quienes hablan cualquier otra lengua o idioma.<br \/>Al mismo tiempo, dio a conocer que en las comunidades existen escuelas biling\u00fces\u00a0 en donde se foment\u00f3 el uso de la lengua t\u00e9nek y n\u00e1huatl.<\/div>\n","protected":false},"excerpt":{"rendered":"<p>&#8211; Con motivo del D\u00eda Internacional de la Lengua Materna Ciudad Valles 21\/2\/13.-Una exposici\u00f3n de materiales gr\u00e1ficos\u00a0 escritos en lengua\u00a0 N\u00e1huatl y T\u00e9nek, se llev\u00f3 a cabo la ma\u00f1ana de este 21 de febrero en la\u00a0 Plaza Principal, con motivo del D\u00eda Internacional de la &hellip; <\/p>\n","protected":false},"author":1,"featured_media":2983,"comment_status":"open","ping_status":"open","sticky":false,"template":"","format":"standard","meta":{"footnotes":""},"categories":[7],"tags":[],"class_list":["post-2984","post","type-post","status-publish","format-standard","has-post-thumbnail","hentry","category-ciudad"],"_links":{"self":[{"href":"https:\/\/amanecerhuasteco.com\/portal\/wp-json\/wp\/v2\/posts\/2984","targetHints":{"allow":["GET"]}}],"collection":[{"href":"https:\/\/amanecerhuasteco.com\/portal\/wp-json\/wp\/v2\/posts"}],"about":[{"href":"https:\/\/amanecerhuasteco.com\/portal\/wp-json\/wp\/v2\/types\/post"}],"author":[{"embeddable":true,"href":"https:\/\/amanecerhuasteco.com\/portal\/wp-json\/wp\/v2\/users\/1"}],"replies":[{"embeddable":true,"href":"https:\/\/amanecerhuasteco.com\/portal\/wp-json\/wp\/v2\/comments?post=2984"}],"version-history":[{"count":0,"href":"https:\/\/amanecerhuasteco.com\/portal\/wp-json\/wp\/v2\/posts\/2984\/revisions"}],"wp:featuredmedia":[{"embeddable":true,"href":"https:\/\/amanecerhuasteco.com\/portal\/wp-json\/wp\/v2\/media\/2983"}],"wp:attachment":[{"href":"https:\/\/amanecerhuasteco.com\/portal\/wp-json\/wp\/v2\/media?parent=2984"}],"wp:term":[{"taxonomy":"category","embeddable":true,"href":"https:\/\/amanecerhuasteco.com\/portal\/wp-json\/wp\/v2\/categories?post=2984"},{"taxonomy":"post_tag","embeddable":true,"href":"https:\/\/amanecerhuasteco.com\/portal\/wp-json\/wp\/v2\/tags?post=2984"}],"curies":[{"name":"wp","href":"https:\/\/api.w.org\/{rel}","templated":true}]}}