{"id":299,"date":"2009-09-30T22:30:06","date_gmt":"2009-10-01T04:30:06","guid":{"rendered":"http:\/\/amanecerhuasteco.com\/portal\/2009\/09\/30\/presidenta-municipal-lamento-incendio-que-consumio-edificio-de-5-pisos\/"},"modified":"2009-09-30T22:30:06","modified_gmt":"2009-10-01T04:30:06","slug":"presidenta-municipal-lamento-incendio-que-consumio-edificio-de-5-pisos","status":"publish","type":"post","link":"https:\/\/amanecerhuasteco.com\/portal\/presidenta-municipal-lamento-incendio-que-consumio-edificio-de-5-pisos\/","title":{"rendered":"PRESIDENTA MUNICIPAL, LAMENT\u00d3 INCENDIO QUE CONSUMIO EDIFICIO DE 5 PISOS"},"content":{"rendered":"<p class=\"MsoNormal\"><strong><span style=\"font-size: 11pt; font-family: 'Trebuchet MS'\">-Su gobierno dispondr\u00e1 de lo necesario para actuar con prontitud en estas contingencias<\/span><\/strong><\/p>\n<p class=\"MsoNormal\"><span style=\"font-size: 11pt; font-family: 'Trebuchet MS'\">\u00a0<\/span><\/p>\n<p class=\"MsoNormal\"><span style=\"font-size: 11pt; font-family: 'Trebuchet MS'\">La presidenta municipal electa, Socorro Herrera Orta lament\u00f3 el incendio de un edificio en la zona centro de la ciudad, y dijo que desde este mi\u00e9rcoles est\u00e1 en coordinaci\u00f3n con quienes ser\u00e1n titulares de las \u00e1reas de Protecci\u00f3n Civil y Seguridad P\u00fablica y Tr\u00e1nsito Municipal, a fin de disponer de lo que sea necesario para actuar con prontitud y eficacia ante este tipo de eventualidades.<\/span><\/p>\n<p class=\"MsoNormal\"><span style=\"font-size: 11pt; font-family: 'Trebuchet MS'\">Destac\u00f3 igualmente que en su administraci\u00f3n se vigilar\u00e1 que las corporaciones de auxilio tengan lo necesario, de modo que siempre est\u00e9n en condiciones de prestar su servicio cuando se registre un siniestro como el ocurrido ayer en la calle Abasolo de la zona centro.<\/span><\/p>\n<p class=\"MsoNormal\"><span style=\"font-size: 11pt; font-family: 'Trebuchet MS'\">Ayer mismo la presidenta municipal electa Socorro Herrera estuvo al tanto de los hechos y en coordinaci\u00f3n con el que ser\u00e1 titular de Protecci\u00f3n Civil, Eduardo Morquecho M\u00e9ndez, y de Seguridad P\u00fablica y Tr\u00e1nsito Municipal, Andr\u00e9s Castillo Vite, para emprender las acciones que fueran necesarias a partir de este jueves que inicia su administraci\u00f3n.<\/span><\/p>\n<p class=\"MsoNormal\"><span style=\"font-size: 11pt; font-family: 'Trebuchet MS'\">Dijo que afortunadamente s\u00f3lo se registraron da\u00f1os materiales, pero que este siniestro motiva a dise\u00f1ar una estrategia efectiva en cuanto a la atenci\u00f3n de este tipo de eventualidades, de manera que siempre se salvaguarde la vida de los vallenses.<\/span><\/p>\n<p class=\"MsoNormal\"><span style=\"font-size: 11pt; font-family: 'Trebuchet MS'\">La alcaldesa electa Socorro Herrera reiter\u00f3 su compromiso de mantenerse en coordinaci\u00f3n con las corporaciones municipales, estatales y federales, as\u00ed como con los cuerpos de auxilio, y disponer de los recursos a su alcance, para arraigar la cultura de la prevenci\u00f3n y estar en condiciones de atender las eventualidades cuando se lleguen a registrar.<\/span><\/p>\n","protected":false},"excerpt":{"rendered":"<p>-Su gobierno dispondr\u00e1 de lo necesario para actuar con prontitud en estas contingencias \u00a0 La presidenta municipal electa, Socorro Herrera Orta lament\u00f3 el incendio de un edificio en la zona centro de la ciudad, y dijo que desde este mi\u00e9rcoles est\u00e1 en coordinaci\u00f3n con quienes &hellip; <\/p>\n","protected":false},"author":1,"featured_media":298,"comment_status":"open","ping_status":"open","sticky":false,"template":"","format":"standard","meta":{"footnotes":""},"categories":[7],"tags":[],"class_list":["post-299","post","type-post","status-publish","format-standard","has-post-thumbnail","hentry","category-ciudad"],"_links":{"self":[{"href":"https:\/\/amanecerhuasteco.com\/portal\/wp-json\/wp\/v2\/posts\/299","targetHints":{"allow":["GET"]}}],"collection":[{"href":"https:\/\/amanecerhuasteco.com\/portal\/wp-json\/wp\/v2\/posts"}],"about":[{"href":"https:\/\/amanecerhuasteco.com\/portal\/wp-json\/wp\/v2\/types\/post"}],"author":[{"embeddable":true,"href":"https:\/\/amanecerhuasteco.com\/portal\/wp-json\/wp\/v2\/users\/1"}],"replies":[{"embeddable":true,"href":"https:\/\/amanecerhuasteco.com\/portal\/wp-json\/wp\/v2\/comments?post=299"}],"version-history":[{"count":0,"href":"https:\/\/amanecerhuasteco.com\/portal\/wp-json\/wp\/v2\/posts\/299\/revisions"}],"wp:featuredmedia":[{"embeddable":true,"href":"https:\/\/amanecerhuasteco.com\/portal\/wp-json\/wp\/v2\/media\/298"}],"wp:attachment":[{"href":"https:\/\/amanecerhuasteco.com\/portal\/wp-json\/wp\/v2\/media?parent=299"}],"wp:term":[{"taxonomy":"category","embeddable":true,"href":"https:\/\/amanecerhuasteco.com\/portal\/wp-json\/wp\/v2\/categories?post=299"},{"taxonomy":"post_tag","embeddable":true,"href":"https:\/\/amanecerhuasteco.com\/portal\/wp-json\/wp\/v2\/tags?post=299"}],"curies":[{"name":"wp","href":"https:\/\/api.w.org\/{rel}","templated":true}]}}